{"id":11420,"date":"2026-08-29T08:00:03","date_gmt":"2026-08-29T06:00:03","guid":{"rendered":"https:\/\/muzeumpamiecitozsamosc.pl\/?p=11420"},"modified":"2026-08-30T14:33:01","modified_gmt":"2026-08-30T12:33:01","slug":"29-sierpnia-1931-r-tadeusz-holowka-zamordowany-przez-ukrainskich-nacjonalistow","status":"publish","type":"post","link":"https:\/\/muzeumpamiecitozsamosc.pl\/index.php\/2026\/08\/29\/29-sierpnia-1931-r-tadeusz-holowka-zamordowany-przez-ukrainskich-nacjonalistow\/","title":{"rendered":"29 sierpnia 1931 r. Tadeusz Ho\u0142\u00f3wko zamordowany przez ukrai\u0144skich nacjonalist\u00f3w"},"content":{"rendered":"\t\t<div data-elementor-type=\"wp-post\" data-elementor-id=\"11420\" class=\"elementor elementor-11420\" data-elementor-post-type=\"post\">\n\t\t\t\t<div class=\"elementor-element elementor-element-973e0b7 e-flex e-con-boxed e-con e-parent\" data-id=\"973e0b7\" data-element_type=\"container\">\n\t\t\t\t\t<div class=\"e-con-inner\">\n\t\t\t\t<div class=\"elementor-element elementor-element-22d5d73 elementor-widget elementor-widget-text-editor\" data-id=\"22d5d73\" data-element_type=\"widget\" data-widget_type=\"text-editor.default\">\n\t\t\t\t<div class=\"elementor-widget-container\">\n\t\t\t\t\t\t\t\t\t<p>29 sierpnia 1931 roku w Truskawcu zamordowany zosta\u0142 <strong>Tadeusz Ho\u0142\u00f3wko<\/strong>, polski polityk zwi\u0105zany z obozem pi\u0142sudczykowskim, prezes klubu parlamentarnego Bezpartyjnego Bloku Wsp\u00f3\u0142pracy z Rz\u0105dem oraz wiceprzewodnicz\u0105cy Komisji Spraw Zagranicznych. Ho\u0142\u00f3wko anga\u017cowa\u0142 si\u0119 r\u00f3wnie\u017c w dzia\u0142alno\u015b\u0107 ruchu prometejskiego i nale\u017ca\u0142 do najwa\u017cniejszych zwolennik\u00f3w porozumienia polsko-ukrai\u0144skiego.<\/p><p>W okresie mi\u0119dzywojennym w\u015br\u00f3d cz\u0119\u015bci ukrai\u0144skiego \u015brodowiska nacjonalistycznego w Polsce rozwija\u0142a si\u0119 ideologia oparta na bezkompromisowej rywalizacji narod\u00f3w. Jej przedstawiciele sprzeciwiali si\u0119 porozumieniu z Polakami i d\u0105\u017cyli do stworzenia jednolitego narodowo\u015bciowo pa\u0144stwa ukrai\u0144skiego. Organizacja Ukrai\u0144skich Nacjonalist\u00f3w (OUN) odrzuca\u0142a koncepcj\u0119 pokojowego wsp\u00f3\u0142istnienia Polak\u00f3w i Ukrai\u0144c\u00f3w w Ma\u0142opolsce Wschodniej.<\/p><p>Ho\u0142\u00f3wko, jako polityk opowiadaj\u0105cy si\u0119 za wsp\u00f3\u0142prac\u0105 i pojednaniem obu narod\u00f3w, by\u0142 postrzegany przez OUN jako przeszkoda w realizacji jej cel\u00f3w. \u00a029 sierpnia 1931 roku <strong>Dmytro Dany\u0142yszyn i Wasyl Bi\u0142as<\/strong> dokonali zamachu na Ho\u0142\u00f3wk\u0119 w jego pokoju w pensjonacie znajduj\u0105cym si\u0119 przy greckokatolickim klasztorze Si\u00f3str Bazylianek.<\/p><p>\u015amier\u0107 Ho\u0142\u00f3wki wywo\u0142a\u0142a ogromne poruszenie zar\u00f3wno w\u015br\u00f3d Polak\u00f3w, jak i cz\u0119\u015bci spo\u0142eczno\u015bci ukrai\u0144skiej. By\u0142 on bowiem postrzegany jako polityk przychylny Ukrai\u0144com i zwolennik rozwi\u0105zania konfliktu na drodze porozumienia.<\/p><p>Mimo \u017ce w\u015br\u00f3d podejrzanych znale\u017ali si\u0119 p\u00f3\u017aniejsi bezpo\u015bredni wykonawcy zamachu, prowadzone w\u00f3wczas \u015bledztwo nie doprowadzi\u0142o do wyja\u015bnienia sprawy. Prze\u0142om nast\u0105pi\u0142 dopiero w 1932 roku. <strong>30 listopada<\/strong> Dany\u0142yszyn i Bi\u0142as uczestniczyli w napadzie na urz\u0105d pocztowy w Gr\u00f3dku Jagiello\u0144skim. Akcja zako\u0144czy\u0142a si\u0119 niepowodzeniem. Obaj sprawcy zostali nast\u0119pnie uj\u0119ci. W trakcie przes\u0142uchania <strong>Wasyl Bi\u0142as przyzna\u0142 si\u0119 do udzia\u0142u w zab\u00f3jstwie Ho\u0142\u00f3wki<\/strong> i wskaza\u0142 Dany\u0142yszyna jako drugiego uczestnika zamachu. Bi\u0142as i Dany\u0142yszyn zostali skazani na kar\u0119 \u015bmierci. <strong>24 grudnia 1932 roku<\/strong> obaj zostali straceni we lwowskim wi\u0119zieniu w Brygidkach. \u00a0<\/p><p>Zab\u00f3jstwo Tadeusza Ho\u0142\u00f3wki sta\u0142o si\u0119 jednym z najbardziej znacz\u0105cych akt\u00f3w terroru politycznego wymierzonych w przedstawiciela polskiego obozu opowiadaj\u0105cego si\u0119 za porozumieniem z Ukrai\u0144cami. Sprawa pokazuje r\u00f3wnie\u017c narastaj\u0105cy w II Rzeczypospolitej konflikt mi\u0119dzy polskimi w\u0142adzami a ukrai\u0144skim ruchem nacjonalistycznym.<\/p>\t\t\t\t\t\t\t\t<\/div>\n\t\t\t\t<\/div>\n\t\t\t\t<div class=\"elementor-element elementor-element-ecccc11 elementor-widget elementor-widget-image\" data-id=\"ecccc11\" data-element_type=\"widget\" data-widget_type=\"image.default\">\n\t\t\t\t<div class=\"elementor-widget-container\">\n\t\t\t\t\t\t\t\t\t\t\t\t\t\t\t<img fetchpriority=\"high\" decoding=\"async\" width=\"1929\" height=\"1080\" src=\"https:\/\/muzeumpamiecitozsamosc.pl\/wp-content\/uploads\/2026\/08\/Tadeusz-Halowko_20260828_180012_0000.png\" class=\"attachment-full size-full wp-image-11523\" alt=\"\" srcset=\"https:\/\/muzeumpamiecitozsamosc.pl\/wp-content\/uploads\/2026\/08\/Tadeusz-Halowko_20260828_180012_0000.png 1929w, https:\/\/muzeumpamiecitozsamosc.pl\/wp-content\/uploads\/2026\/08\/Tadeusz-Halowko_20260828_180012_0000-300x168.png 300w, https:\/\/muzeumpamiecitozsamosc.pl\/wp-content\/uploads\/2026\/08\/Tadeusz-Halowko_20260828_180012_0000-1024x573.png 1024w, https:\/\/muzeumpamiecitozsamosc.pl\/wp-content\/uploads\/2026\/08\/Tadeusz-Halowko_20260828_180012_0000-768x430.png 768w\" sizes=\"(max-width: 1929px) 100vw, 1929px\" \/>\t\t\t\t\t\t\t\t\t\t\t\t\t\t\t<\/div>\n\t\t\t\t<\/div>\n\t\t\t\t<div class=\"elementor-element elementor-element-aa6fd1b elementor-widget elementor-widget-text-editor\" data-id=\"aa6fd1b\" data-element_type=\"widget\" data-widget_type=\"text-editor.default\">\n\t\t\t\t<div class=\"elementor-widget-container\">\n\t\t\t\t\t\t\t\t\t<p><span class=\"a_GcMg font-feature-liga-off font-feature-clig-off font-feature-calt-off text-decoration-none text-strikethrough-none\">Tadeusz Ho\u0142\u00f3wko. Ze zbior\u00f3w Narodowego Archiwum Cyfrowego.<\/span><\/p>\t\t\t\t\t\t\t\t<\/div>\n\t\t\t\t<\/div>\n\t\t\t\t\t<\/div>\n\t\t\t\t<\/div>\n\t\t\t\t<\/div>\n\t\t","protected":false},"excerpt":{"rendered":"<p>\u015amier\u0107 Ho\u0142\u00f3wki wywo\u0142a\u0142a ogromne poruszenie zar\u00f3wno w\u015br\u00f3d Polak\u00f3w, jak i cz\u0119\u015bci spo\u0142eczno\u015bci ukrai\u0144skiej. By\u0142 on bowiem postrzegany jako polityk przychylny Ukrai\u0144com i zwolennik rozwi\u0105zania konfliktu na drodze porozumienia. <\/p>\n","protected":false},"author":7,"featured_media":11523,"comment_status":"closed","ping_status":"closed","sticky":false,"template":"","format":"standard","meta":{"_acf_changed":false,"footnotes":""},"categories":[32],"tags":[],"class_list":["post-11420","post","type-post","status-publish","format-standard","has-post-thumbnail","hentry","category-edukacja"],"acf":[],"_links":{"self":[{"href":"https:\/\/muzeumpamiecitozsamosc.pl\/index.php\/wp-json\/wp\/v2\/posts\/11420","targetHints":{"allow":["GET"]}}],"collection":[{"href":"https:\/\/muzeumpamiecitozsamosc.pl\/index.php\/wp-json\/wp\/v2\/posts"}],"about":[{"href":"https:\/\/muzeumpamiecitozsamosc.pl\/index.php\/wp-json\/wp\/v2\/types\/post"}],"author":[{"embeddable":true,"href":"https:\/\/muzeumpamiecitozsamosc.pl\/index.php\/wp-json\/wp\/v2\/users\/7"}],"replies":[{"embeddable":true,"href":"https:\/\/muzeumpamiecitozsamosc.pl\/index.php\/wp-json\/wp\/v2\/comments?post=11420"}],"version-history":[{"count":19,"href":"https:\/\/muzeumpamiecitozsamosc.pl\/index.php\/wp-json\/wp\/v2\/posts\/11420\/revisions"}],"predecessor-version":[{"id":11535,"href":"https:\/\/muzeumpamiecitozsamosc.pl\/index.php\/wp-json\/wp\/v2\/posts\/11420\/revisions\/11535"}],"wp:featuredmedia":[{"embeddable":true,"href":"https:\/\/muzeumpamiecitozsamosc.pl\/index.php\/wp-json\/wp\/v2\/media\/11523"}],"wp:attachment":[{"href":"https:\/\/muzeumpamiecitozsamosc.pl\/index.php\/wp-json\/wp\/v2\/media?parent=11420"}],"wp:term":[{"taxonomy":"category","embeddable":true,"href":"https:\/\/muzeumpamiecitozsamosc.pl\/index.php\/wp-json\/wp\/v2\/categories?post=11420"},{"taxonomy":"post_tag","embeddable":true,"href":"https:\/\/muzeumpamiecitozsamosc.pl\/index.php\/wp-json\/wp\/v2\/tags?post=11420"}],"curies":[{"name":"wp","href":"https:\/\/api.w.org\/{rel}","templated":true}]}}