{"id":11437,"date":"2026-08-31T08:00:00","date_gmt":"2026-08-31T06:00:00","guid":{"rendered":"https:\/\/muzeumpamiecitozsamosc.pl\/?p=11437"},"modified":"2026-08-31T08:54:24","modified_gmt":"2026-08-31T06:54:24","slug":"31-sierpnia-1939-r-doszlo-do-tzw-prowokacji-gliwickiej-sfingowanego-przez-niemcow-napadu-na-radiostacje-w-gliwicach","status":"publish","type":"post","link":"https:\/\/muzeumpamiecitozsamosc.pl\/index.php\/2026\/08\/31\/31-sierpnia-1939-r-doszlo-do-tzw-prowokacji-gliwickiej-sfingowanego-przez-niemcow-napadu-na-radiostacje-w-gliwicach\/","title":{"rendered":"31 sierpnia 1939 r. dosz\u0142o do tzw. prowokacji gliwickiej \u2013 sfingowanego przez Niemc\u00f3w napadu na radiostacj\u0119 w Gliwicach"},"content":{"rendered":"\t\t<div data-elementor-type=\"wp-post\" data-elementor-id=\"11437\" class=\"elementor elementor-11437\" data-elementor-post-type=\"post\">\n\t\t\t\t<div class=\"elementor-element elementor-element-f5738af e-flex e-con-boxed e-con e-parent\" data-id=\"f5738af\" data-element_type=\"container\">\n\t\t\t\t\t<div class=\"e-con-inner\">\n\t\t\t\t<div class=\"elementor-element elementor-element-ec99d44 elementor-widget elementor-widget-text-editor\" data-id=\"ec99d44\" data-element_type=\"widget\" data-widget_type=\"text-editor.default\">\n\t\t\t\t<div class=\"elementor-widget-container\">\n\t\t\t\t\t\t\t\t\t<p><strong>31 sierpnia 1939 roku dosz\u0142o do tzw. prowokacji gliwickiej \u2013 sfingowanego przez Niemc\u00f3w napadu na radiostacj\u0119 w Gliwicach, kt\u00f3ry mia\u0142 pos\u0142u\u017cy\u0107 nazistowskiej propagandzie jako dow\u00f3d rzekomej polskiej agresji.<\/strong> Wydarzenie to sta\u0142o si\u0119 jednym z element\u00f3w przygotowanej przez Niemcy kampanii maj\u0105cej uzasadni\u0107 rozpocz\u0119cie wojny z Polsk\u0105.<\/p><p>Wydarzenie z 31 sierpnia mia\u0142o zosta\u0107 przedstawione jako kolejny przyk\u0142ad rzekomej polskiej agresji wobec Niemiec. Wpisywa\u0142o si\u0119 ono w przygotowan\u0105 przez nazistowskie w\u0142adze narracj\u0119, kt\u00f3rej celem by\u0142o przerzucenie odpowiedzialno\u015bci za nadchodz\u0105cy konflikt na Polsk\u0119. <strong>Prowokacja gliwicka by\u0142a wi\u0119c nie spontanicznym incydentem, lecz elementem zaplanowanych dzia\u0142a\u0144 propagandowych poprzedzaj\u0105cych niemiecki atak na Polsk\u0119.<\/strong><\/p><p><strong>Prowokacja gliwicka sta\u0142a si\u0119 jednym z najbardziej znanych przyk\u0142ad\u00f3w wykorzystania mistyfikacji i propagandy przez nazistowskie Niemcy w przededniu II wojny \u015bwiatowej.<\/strong> Mia\u0142a stworzy\u0107 pozory, \u017ce Niemcy odpowiadaj\u0105 na dzia\u0142ania strony polskiej, podczas gdy rzeczywistym celem by\u0142o przygotowanie propagandowego uzasadnienia niemieckiej agresji. Nast\u0119pnego dnia, <strong>1 wrze\u015bnia 1939 roku, Niemcy rozpocz\u0119\u0142y atak na Polsk\u0119<\/strong>, rozpoczynaj\u0105c tym samym II wojn\u0119 \u015bwiatow\u0105.<\/p>\t\t\t\t\t\t\t\t<\/div>\n\t\t\t\t<\/div>\n\t\t\t\t<div class=\"elementor-element elementor-element-55dedef elementor-widget elementor-widget-image\" data-id=\"55dedef\" data-element_type=\"widget\" data-widget_type=\"image.default\">\n\t\t\t\t<div class=\"elementor-widget-container\">\n\t\t\t\t\t\t\t\t\t\t\t\t\t\t\t<img fetchpriority=\"high\" decoding=\"async\" width=\"1929\" height=\"1080\" src=\"https:\/\/muzeumpamiecitozsamosc.pl\/wp-content\/uploads\/2026\/08\/Kalendarium-format-na-www-14.png\" class=\"attachment-full size-full wp-image-11439\" alt=\"\" srcset=\"https:\/\/muzeumpamiecitozsamosc.pl\/wp-content\/uploads\/2026\/08\/Kalendarium-format-na-www-14.png 1929w, https:\/\/muzeumpamiecitozsamosc.pl\/wp-content\/uploads\/2026\/08\/Kalendarium-format-na-www-14-300x168.png 300w, https:\/\/muzeumpamiecitozsamosc.pl\/wp-content\/uploads\/2026\/08\/Kalendarium-format-na-www-14-1024x573.png 1024w, https:\/\/muzeumpamiecitozsamosc.pl\/wp-content\/uploads\/2026\/08\/Kalendarium-format-na-www-14-768x430.png 768w\" sizes=\"(max-width: 1929px) 100vw, 1929px\" \/>\t\t\t\t\t\t\t\t\t\t\t\t\t\t\t<\/div>\n\t\t\t\t<\/div>\n\t\t\t\t<div class=\"elementor-element elementor-element-9b0037a elementor-widget elementor-widget-text-editor\" data-id=\"9b0037a\" data-element_type=\"widget\" data-widget_type=\"text-editor.default\">\n\t\t\t\t<div class=\"elementor-widget-container\">\n\t\t\t\t\t\t\t\t\t<p><span class=\"a_GcMg font-feature-liga-off font-feature-clig-off font-feature-calt-off text-decoration-none text-strikethrough-none\">Sala nadajnika. Miejsce prowokacji gliwickiej. Fot. Domena publiczna.<\/span><\/p>\t\t\t\t\t\t\t\t<\/div>\n\t\t\t\t<\/div>\n\t\t\t\t\t<\/div>\n\t\t\t\t<\/div>\n\t\t\t\t<\/div>\n\t\t","protected":false},"excerpt":{"rendered":"<p>Wydarzenie z 31 sierpnia mia\u0142o zosta\u0107 przedstawione jako kolejny przyk\u0142ad rzekomej polskiej agresji wobec Niemiec. Wpisywa\u0142o si\u0119 ono w przygotowan\u0105 przez nazistowskie w\u0142adze narracj\u0119, kt\u00f3rej celem by\u0142o przerzucenie odpowiedzialno\u015bci za nadchodz\u0105cy konflikt na Polsk\u0119. <\/p>\n","protected":false},"author":7,"featured_media":11439,"comment_status":"closed","ping_status":"closed","sticky":false,"template":"","format":"standard","meta":{"_acf_changed":false,"footnotes":""},"categories":[32],"tags":[],"class_list":["post-11437","post","type-post","status-publish","format-standard","has-post-thumbnail","hentry","category-edukacja"],"acf":[],"_links":{"self":[{"href":"https:\/\/muzeumpamiecitozsamosc.pl\/index.php\/wp-json\/wp\/v2\/posts\/11437","targetHints":{"allow":["GET"]}}],"collection":[{"href":"https:\/\/muzeumpamiecitozsamosc.pl\/index.php\/wp-json\/wp\/v2\/posts"}],"about":[{"href":"https:\/\/muzeumpamiecitozsamosc.pl\/index.php\/wp-json\/wp\/v2\/types\/post"}],"author":[{"embeddable":true,"href":"https:\/\/muzeumpamiecitozsamosc.pl\/index.php\/wp-json\/wp\/v2\/users\/7"}],"replies":[{"embeddable":true,"href":"https:\/\/muzeumpamiecitozsamosc.pl\/index.php\/wp-json\/wp\/v2\/comments?post=11437"}],"version-history":[{"count":4,"href":"https:\/\/muzeumpamiecitozsamosc.pl\/index.php\/wp-json\/wp\/v2\/posts\/11437\/revisions"}],"predecessor-version":[{"id":11442,"href":"https:\/\/muzeumpamiecitozsamosc.pl\/index.php\/wp-json\/wp\/v2\/posts\/11437\/revisions\/11442"}],"wp:featuredmedia":[{"embeddable":true,"href":"https:\/\/muzeumpamiecitozsamosc.pl\/index.php\/wp-json\/wp\/v2\/media\/11439"}],"wp:attachment":[{"href":"https:\/\/muzeumpamiecitozsamosc.pl\/index.php\/wp-json\/wp\/v2\/media?parent=11437"}],"wp:term":[{"taxonomy":"category","embeddable":true,"href":"https:\/\/muzeumpamiecitozsamosc.pl\/index.php\/wp-json\/wp\/v2\/categories?post=11437"},{"taxonomy":"post_tag","embeddable":true,"href":"https:\/\/muzeumpamiecitozsamosc.pl\/index.php\/wp-json\/wp\/v2\/tags?post=11437"}],"curies":[{"name":"wp","href":"https:\/\/api.w.org\/{rel}","templated":true}]}}