{"id":11443,"date":"2026-09-01T08:00:49","date_gmt":"2026-09-01T06:00:49","guid":{"rendered":"https:\/\/muzeumpamiecitozsamosc.pl\/?p=11443"},"modified":"2026-09-01T18:08:39","modified_gmt":"2026-09-01T16:08:39","slug":"1-wrzesnia-1939-r-niemcy-zaatakowaly-polske-rozpoczynajac-ii-wojne-swiatowa","status":"publish","type":"post","link":"https:\/\/muzeumpamiecitozsamosc.pl\/index.php\/2026\/09\/01\/1-wrzesnia-1939-r-niemcy-zaatakowaly-polske-rozpoczynajac-ii-wojne-swiatowa\/","title":{"rendered":"1 wrze\u015bnia 1939 r. &#8211; Niemcy zaatakowa\u0142y Polsk\u0119, rozpoczynaj\u0105c II wojn\u0119 \u015bwiatow\u0105"},"content":{"rendered":"\t\t<div data-elementor-type=\"wp-post\" data-elementor-id=\"11443\" class=\"elementor elementor-11443\" data-elementor-post-type=\"post\">\n\t\t\t\t<div class=\"elementor-element elementor-element-8e8ddd5 e-flex e-con-boxed e-con e-parent\" data-id=\"8e8ddd5\" data-element_type=\"container\">\n\t\t\t\t\t<div class=\"e-con-inner\">\n\t\t\t\t<div class=\"elementor-element elementor-element-da0d298 elementor-widget elementor-widget-text-editor\" data-id=\"da0d298\" data-element_type=\"widget\" data-widget_type=\"text-editor.default\">\n\t\t\t\t<div class=\"elementor-widget-container\">\n\t\t\t\t\t\t\t\t\t<p>\u201eA wi\u0119c wojna!\u201d. <strong>1 wrze\u015bnia 1939 roku Niemcy zaatakowa\u0142y Polsk\u0119, rozpoczynaj\u0105c II wojn\u0119 \u015bwiatow\u0105.<\/strong> Jednym z pierwszych cel\u00f3w niemieckiego ataku by\u0142o Westerplatte. O godz. <strong>4:45<\/strong> pancernik szkolny <strong>\u201eSchleswig-Holstein\u201d<\/strong> rozpocz\u0105\u0142 ostrza\u0142 Wojskowej Sk\u0142adnicy Tranzytowej znajduj\u0105cej si\u0119 na terenie Wolnego Miasta Gda\u0144ska. Plac\u00f3wki broni\u0142o oko\u0142o 200 polskich \u017co\u0142nierzy dowodzonych przez mjr. <strong>Henryka Sucharskiego<\/strong> i kpt. <strong>Franciszka D\u0105browskiego<\/strong>. Za\u0142oga przez siedem dni odpiera\u0142a niemieckie ataki prowadzone z l\u0105du, morza i powietrza, a obrona Westerplatte sta\u0142a si\u0119 jednym z symboli polskiego oporu we wrze\u015bniu 1939 roku.<\/p><p>Tego samego dnia prezydent RP <strong>Ignacy Mo\u015bcicki<\/strong> wyda\u0142 rozporz\u0105dzenie wprowadzaj\u0105ce na ca\u0142ym terytorium Polski <strong>stan wojenny<\/strong>. W skierowanej do obywateli odezwie poinformowa\u0142 o rozpocz\u0119ciu niemieckich dzia\u0142a\u0144 przeciwko Polsce i wezwa\u0142 spo\u0142ecze\u0144stwo do zjednoczenia si\u0119 wok\u00f3\u0142 Naczelnego Wodza oraz polskich si\u0142 zbrojnych w obronie wolno\u015bci, niepodleg\u0142o\u015bci i honoru pa\u0144stwa.<\/p>\t\t\t\t\t\t\t\t<\/div>\n\t\t\t\t<\/div>\n\t\t\t\t<div class=\"elementor-element elementor-element-95c458d elementor-widget elementor-widget-image\" data-id=\"95c458d\" data-element_type=\"widget\" data-widget_type=\"image.default\">\n\t\t\t\t<div class=\"elementor-widget-container\">\n\t\t\t\t\t\t\t\t\t\t\t\t\t\t\t<img fetchpriority=\"high\" decoding=\"async\" width=\"1929\" height=\"1080\" src=\"https:\/\/muzeumpamiecitozsamosc.pl\/wp-content\/uploads\/2026\/08\/Kalendarium-format-na-www-15.png\" class=\"attachment-full size-full wp-image-11445\" alt=\"\" srcset=\"https:\/\/muzeumpamiecitozsamosc.pl\/wp-content\/uploads\/2026\/08\/Kalendarium-format-na-www-15.png 1929w, https:\/\/muzeumpamiecitozsamosc.pl\/wp-content\/uploads\/2026\/08\/Kalendarium-format-na-www-15-300x168.png 300w, https:\/\/muzeumpamiecitozsamosc.pl\/wp-content\/uploads\/2026\/08\/Kalendarium-format-na-www-15-1024x573.png 1024w, https:\/\/muzeumpamiecitozsamosc.pl\/wp-content\/uploads\/2026\/08\/Kalendarium-format-na-www-15-768x430.png 768w, https:\/\/muzeumpamiecitozsamosc.pl\/wp-content\/uploads\/2026\/08\/Kalendarium-format-na-www-15-1536x860.png 1536w\" sizes=\"(max-width: 1929px) 100vw, 1929px\" \/>\t\t\t\t\t\t\t\t\t\t\t\t\t\t\t<\/div>\n\t\t\t\t<\/div>\n\t\t\t\t<div class=\"elementor-element elementor-element-ca9f127 elementor-widget elementor-widget-text-editor\" data-id=\"ca9f127\" data-element_type=\"widget\" data-widget_type=\"text-editor.default\">\n\t\t\t\t<div class=\"elementor-widget-container\">\n\t\t\t\t\t\t\t\t\t<p><span class=\"a_GcMg font-feature-liga-off font-feature-clig-off font-feature-calt-off text-decoration-none text-strikethrough-none\">Niemiecki pancernik szkolny \u201eSchleswig-Holstein\u201d ostrzeliwuje polsk\u0105 plac\u00f3wk\u0119 (Wojskow\u0105 Sk\u0142adnic\u0119 Tranzytow\u0105) na Westerplatte w Gda\u0144sku, stoj\u0105c w poprzek kana\u0142u portowego. Gda\u0144sk, 1 \/ix 1939 r. (fot. z zasobu IPN)<\/span><\/p>\t\t\t\t\t\t\t\t<\/div>\n\t\t\t\t<\/div>\n\t\t\t\t\t<\/div>\n\t\t\t\t<\/div>\n\t\t\t\t<\/div>\n\t\t","protected":false},"excerpt":{"rendered":"<p>Jednym z pierwszych cel\u00f3w niemieckiego ataku by\u0142o Westerplatte. O godz. 4:45 pancernik szkolny \u201eSchleswig-Holstein\u201d rozpocz\u0105\u0142 ostrza\u0142 Wojskowej Sk\u0142adnicy Tranzytowej znajduj\u0105cej si\u0119 na terenie Wolnego Miasta Gda\u0144ska.<\/p>\n","protected":false},"author":7,"featured_media":11445,"comment_status":"closed","ping_status":"closed","sticky":false,"template":"","format":"standard","meta":{"_acf_changed":false,"footnotes":""},"categories":[32],"tags":[],"class_list":["post-11443","post","type-post","status-publish","format-standard","has-post-thumbnail","hentry","category-edukacja"],"acf":[],"_links":{"self":[{"href":"https:\/\/muzeumpamiecitozsamosc.pl\/index.php\/wp-json\/wp\/v2\/posts\/11443","targetHints":{"allow":["GET"]}}],"collection":[{"href":"https:\/\/muzeumpamiecitozsamosc.pl\/index.php\/wp-json\/wp\/v2\/posts"}],"about":[{"href":"https:\/\/muzeumpamiecitozsamosc.pl\/index.php\/wp-json\/wp\/v2\/types\/post"}],"author":[{"embeddable":true,"href":"https:\/\/muzeumpamiecitozsamosc.pl\/index.php\/wp-json\/wp\/v2\/users\/7"}],"replies":[{"embeddable":true,"href":"https:\/\/muzeumpamiecitozsamosc.pl\/index.php\/wp-json\/wp\/v2\/comments?post=11443"}],"version-history":[{"count":7,"href":"https:\/\/muzeumpamiecitozsamosc.pl\/index.php\/wp-json\/wp\/v2\/posts\/11443\/revisions"}],"predecessor-version":[{"id":11506,"href":"https:\/\/muzeumpamiecitozsamosc.pl\/index.php\/wp-json\/wp\/v2\/posts\/11443\/revisions\/11506"}],"wp:featuredmedia":[{"embeddable":true,"href":"https:\/\/muzeumpamiecitozsamosc.pl\/index.php\/wp-json\/wp\/v2\/media\/11445"}],"wp:attachment":[{"href":"https:\/\/muzeumpamiecitozsamosc.pl\/index.php\/wp-json\/wp\/v2\/media?parent=11443"}],"wp:term":[{"taxonomy":"category","embeddable":true,"href":"https:\/\/muzeumpamiecitozsamosc.pl\/index.php\/wp-json\/wp\/v2\/categories?post=11443"},{"taxonomy":"post_tag","embeddable":true,"href":"https:\/\/muzeumpamiecitozsamosc.pl\/index.php\/wp-json\/wp\/v2\/tags?post=11443"}],"curies":[{"name":"wp","href":"https:\/\/api.w.org\/{rel}","templated":true}]}}