{"id":11455,"date":"2026-09-03T08:00:01","date_gmt":"2026-09-03T06:00:01","guid":{"rendered":"https:\/\/muzeumpamiecitozsamosc.pl\/?p=11455"},"modified":"2026-09-03T08:27:58","modified_gmt":"2026-09-03T06:27:58","slug":"3-wrzesnia-1939-r-niemieckie-lotnictwo-luftwaffe-zbombardowalo-dwa-najwieksze-okrety-polskiej-marynarki-wojennej-stawiacza-min-orp-gryf-i-niszczyciela-orp-wich","status":"publish","type":"post","link":"https:\/\/muzeumpamiecitozsamosc.pl\/index.php\/2026\/09\/03\/3-wrzesnia-1939-r-niemieckie-lotnictwo-luftwaffe-zbombardowalo-dwa-najwieksze-okrety-polskiej-marynarki-wojennej-stawiacza-min-orp-gryf-i-niszczyciela-orp-wich\/","title":{"rendered":"3 wrze\u015bnia 1939 r. &#8211; niemieckie lotnictwo Luftwaffe zbombardowa\u0142o dwa najwi\u0119ksze okr\u0119ty polskiej Marynarki Wojennej \u2013 stawiacza min ORP \u201eGryf\u201d  i niszczyciela ORP \u201eWicher\u201d"},"content":{"rendered":"\t\t<div data-elementor-type=\"wp-post\" data-elementor-id=\"11455\" class=\"elementor elementor-11455\" data-elementor-post-type=\"post\">\n\t\t\t\t<div class=\"elementor-element elementor-element-da1ac57 e-flex e-con-boxed e-con e-parent\" data-id=\"da1ac57\" data-element_type=\"container\">\n\t\t\t\t\t<div class=\"e-con-inner\">\n\t\t\t\t<div class=\"elementor-element elementor-element-aa91fd9 elementor-widget elementor-widget-text-editor\" data-id=\"aa91fd9\" data-element_type=\"widget\" data-widget_type=\"text-editor.default\">\n\t\t\t\t<div class=\"elementor-widget-container\">\n\t\t\t\t\t\t\t\t\t<p>3 wrze\u015bnia 1939 r. niemieckie lotnictwo przeprowadzi\u0142o nalot na polskie okr\u0119ty wojenne stoj\u0105ce w porcie w Helu. Celem by\u0142y dwa najwi\u0119ksze w\u00f3wczas okr\u0119ty polskiej Marynarki Wojennej \u2013 <strong>stawiacz min ORP \u201eGryf\u201d i niszczyciel ORP \u201eWicher\u201d<\/strong>.<\/p><p>Oba okr\u0119ty zosta\u0142y powa\u017cnie uszkodzone bombami i w rezultacie <strong>zatopione w wodach Zatoki Gda\u0144skiej<\/strong>. Ich utrata nast\u0105pi\u0142a jeszcze przed rozpocz\u0119ciem dzia\u0142a\u0144 l\u0105dowych na P\u00f3\u0142wyspie Helskim, a zniszczenie \u201eGryfa\u201d i \u201eWichra\u201d by\u0142o dotkliwym ciosem dla polskich si\u0142 morskich u progu II wojny \u015bwiatowej.<\/p><p>\u00a0<\/p>\t\t\t\t\t\t\t\t<\/div>\n\t\t\t\t<\/div>\n\t\t\t\t<div class=\"elementor-element elementor-element-57281db elementor-widget elementor-widget-image\" data-id=\"57281db\" data-element_type=\"widget\" data-widget_type=\"image.default\">\n\t\t\t\t<div class=\"elementor-widget-container\">\n\t\t\t\t\t\t\t\t\t\t\t\t\t\t\t<img fetchpriority=\"high\" decoding=\"async\" width=\"1929\" height=\"1080\" src=\"https:\/\/muzeumpamiecitozsamosc.pl\/wp-content\/uploads\/2026\/08\/Kalendarium-format-na-www-19.png\" class=\"attachment-full size-full wp-image-11458\" alt=\"\" srcset=\"https:\/\/muzeumpamiecitozsamosc.pl\/wp-content\/uploads\/2026\/08\/Kalendarium-format-na-www-19.png 1929w, https:\/\/muzeumpamiecitozsamosc.pl\/wp-content\/uploads\/2026\/08\/Kalendarium-format-na-www-19-300x168.png 300w, https:\/\/muzeumpamiecitozsamosc.pl\/wp-content\/uploads\/2026\/08\/Kalendarium-format-na-www-19-1024x573.png 1024w, https:\/\/muzeumpamiecitozsamosc.pl\/wp-content\/uploads\/2026\/08\/Kalendarium-format-na-www-19-768x430.png 768w\" sizes=\"(max-width: 1929px) 100vw, 1929px\" \/>\t\t\t\t\t\t\t\t\t\t\t\t\t\t\t<\/div>\n\t\t\t\t<\/div>\n\t\t\t\t<div class=\"elementor-element elementor-element-611fd4c elementor-widget elementor-widget-text-editor\" data-id=\"611fd4c\" data-element_type=\"widget\" data-widget_type=\"text-editor.default\">\n\t\t\t\t<div class=\"elementor-widget-container\">\n\t\t\t\t\t\t\t\t\t<p>\u00a0<span class=\"a_GcMg font-feature-liga-off font-feature-clig-off font-feature-calt-off text-decoration-none text-strikethrough-none\">ORP Wicher. nac.pl<\/span><\/p>\t\t\t\t\t\t\t\t<\/div>\n\t\t\t\t<\/div>\n\t\t\t\t\t<\/div>\n\t\t\t\t<\/div>\n\t\t\t\t<\/div>\n\t\t","protected":false},"excerpt":{"rendered":"<p>Oba okr\u0119ty zosta\u0142y powa\u017cnie uszkodzone bombami i w rezultacie zatopione w wodach Zatoki Gda\u0144skiej. Ich utrata nast\u0105pi\u0142a jeszcze przed rozpocz\u0119ciem dzia\u0142a\u0144 l\u0105dowych na P\u00f3\u0142wyspie Helskim.<\/p>\n","protected":false},"author":7,"featured_media":11458,"comment_status":"closed","ping_status":"closed","sticky":false,"template":"","format":"standard","meta":{"_acf_changed":false,"footnotes":""},"categories":[32],"tags":[],"class_list":["post-11455","post","type-post","status-publish","format-standard","has-post-thumbnail","hentry","category-edukacja"],"acf":[],"_links":{"self":[{"href":"https:\/\/muzeumpamiecitozsamosc.pl\/index.php\/wp-json\/wp\/v2\/posts\/11455","targetHints":{"allow":["GET"]}}],"collection":[{"href":"https:\/\/muzeumpamiecitozsamosc.pl\/index.php\/wp-json\/wp\/v2\/posts"}],"about":[{"href":"https:\/\/muzeumpamiecitozsamosc.pl\/index.php\/wp-json\/wp\/v2\/types\/post"}],"author":[{"embeddable":true,"href":"https:\/\/muzeumpamiecitozsamosc.pl\/index.php\/wp-json\/wp\/v2\/users\/7"}],"replies":[{"embeddable":true,"href":"https:\/\/muzeumpamiecitozsamosc.pl\/index.php\/wp-json\/wp\/v2\/comments?post=11455"}],"version-history":[{"count":7,"href":"https:\/\/muzeumpamiecitozsamosc.pl\/index.php\/wp-json\/wp\/v2\/posts\/11455\/revisions"}],"predecessor-version":[{"id":11464,"href":"https:\/\/muzeumpamiecitozsamosc.pl\/index.php\/wp-json\/wp\/v2\/posts\/11455\/revisions\/11464"}],"wp:featuredmedia":[{"embeddable":true,"href":"https:\/\/muzeumpamiecitozsamosc.pl\/index.php\/wp-json\/wp\/v2\/media\/11458"}],"wp:attachment":[{"href":"https:\/\/muzeumpamiecitozsamosc.pl\/index.php\/wp-json\/wp\/v2\/media?parent=11455"}],"wp:term":[{"taxonomy":"category","embeddable":true,"href":"https:\/\/muzeumpamiecitozsamosc.pl\/index.php\/wp-json\/wp\/v2\/categories?post=11455"},{"taxonomy":"post_tag","embeddable":true,"href":"https:\/\/muzeumpamiecitozsamosc.pl\/index.php\/wp-json\/wp\/v2\/tags?post=11455"}],"curies":[{"name":"wp","href":"https:\/\/api.w.org\/{rel}","templated":true}]}}