{"id":11465,"date":"2026-09-04T08:00:10","date_gmt":"2026-09-04T06:00:10","guid":{"rendered":"https:\/\/muzeumpamiecitozsamosc.pl\/?p=11465"},"modified":"2026-09-04T09:02:08","modified_gmt":"2026-09-04T07:02:08","slug":"4-wrzesnia-1939-r-sulejow-stal-sie-celem-jednego-z-najbardziej-tragicznych-bombardowan-niemieckiej-luftwaffe-podczas-kampanii-wrzesniowej","status":"publish","type":"post","link":"https:\/\/muzeumpamiecitozsamosc.pl\/index.php\/2026\/09\/04\/4-wrzesnia-1939-r-sulejow-stal-sie-celem-jednego-z-najbardziej-tragicznych-bombardowan-niemieckiej-luftwaffe-podczas-kampanii-wrzesniowej\/","title":{"rendered":"4 wrze\u015bnia 1939 r. &#8211; Sulej\u00f3w sta\u0142 si\u0119 celem jednego z najbardziej tragicznych bombardowa\u0144 niemieckiej Luftwaffe podczas kampanii wrze\u015bniowej"},"content":{"rendered":"\t\t<div data-elementor-type=\"wp-post\" data-elementor-id=\"11465\" class=\"elementor elementor-11465\" data-elementor-post-type=\"post\">\n\t\t\t\t<div class=\"elementor-element elementor-element-e3c83fc e-flex e-con-boxed e-con e-parent\" data-id=\"e3c83fc\" data-element_type=\"container\">\n\t\t\t\t\t<div class=\"e-con-inner\">\n\t\t\t\t<div class=\"elementor-element elementor-element-ff06a73 elementor-widget elementor-widget-text-editor\" data-id=\"ff06a73\" data-element_type=\"widget\" data-widget_type=\"text-editor.default\">\n\t\t\t\t<div class=\"elementor-widget-container\">\n\t\t\t\t\t\t\t\t\t<p><strong>4 wrze\u015bnia 1939 r. Sulej\u00f3w sta\u0142 si\u0119 celem jednego z najbardziej tragicznych bombardowa\u0144 niemieckiej Luftwaffe podczas kampanii wrze\u015bniowej.<\/strong> Miasto nad Pilic\u0105 zosta\u0142o zaatakowane przez bombowce nurkuj\u0105ce Ju-87 \u201eStuka\u201d. Trzy naloty rozpocz\u0119\u0142y si\u0119 po godzinie 17 i trwa\u0142y z przerwami niemal godzin\u0119. Na Sulej\u00f3w zrzucono <strong>249 bomb o \u0142\u0105cznej wadze oko\u0142o 83 ton<\/strong>, a samoloty ostrzeliwa\u0142y r\u00f3wnie\u017c ludzi z broni pok\u0142adowej.<\/p><p>Przed wojn\u0105 Sulej\u00f3w liczy\u0142 oko\u0142o 7500 mieszka\u0144c\u00f3w. W pierwszych dniach wrze\u015bnia liczba ta wzros\u0142a, poniewa\u017c do miasta przybywali uchod\u017acy z innych miejscowo\u015bci, m.in. z bombardowanego 1 wrze\u015bnia Wielunia. Cz\u0119\u015b\u0107 mieszka\u0144c\u00f3w i uchod\u017ac\u00f3w szuka\u0142a schronienia w pobliskich lasach i wsiach, jednak wielu powr\u00f3ci\u0142o do miasta, nie spodziewaj\u0105c si\u0119 nadchodz\u0105cej tragedii.<\/p><p>Bombardowanie przynios\u0142o ogromne zniszczenia. <strong>Zgin\u0119\u0142o od 700 do nawet 1200 os\u00f3b. Miasto zosta\u0142o zniszczone w oko\u0142o 70\u201380 procentach. <\/strong><\/p><p>Tragedia Sulejowa by\u0142a wi\u0119c przede wszystkim <strong>katastrof\u0105 dotykaj\u0105c\u0105 ludno\u015b\u0107 cywiln\u0105<\/strong>. Zniszczone zosta\u0142y domy, ulice i dorobek mieszka\u0144c\u00f3w, a ofiarami niemieckiego nalotu pad\u0142y setki bezbronnych ludzi.<\/p>\t\t\t\t\t\t\t\t<\/div>\n\t\t\t\t<\/div>\n\t\t\t\t<div class=\"elementor-element elementor-element-3726c16 elementor-widget elementor-widget-image\" data-id=\"3726c16\" data-element_type=\"widget\" data-widget_type=\"image.default\">\n\t\t\t\t<div class=\"elementor-widget-container\">\n\t\t\t\t\t\t\t\t\t\t\t\t\t\t\t<img fetchpriority=\"high\" decoding=\"async\" width=\"1929\" height=\"1080\" src=\"https:\/\/muzeumpamiecitozsamosc.pl\/wp-content\/uploads\/2026\/08\/Kalendarium-format-na-www-20.png\" class=\"attachment-full size-full wp-image-11467\" alt=\"\" srcset=\"https:\/\/muzeumpamiecitozsamosc.pl\/wp-content\/uploads\/2026\/08\/Kalendarium-format-na-www-20.png 1929w, https:\/\/muzeumpamiecitozsamosc.pl\/wp-content\/uploads\/2026\/08\/Kalendarium-format-na-www-20-300x168.png 300w, https:\/\/muzeumpamiecitozsamosc.pl\/wp-content\/uploads\/2026\/08\/Kalendarium-format-na-www-20-1024x573.png 1024w, https:\/\/muzeumpamiecitozsamosc.pl\/wp-content\/uploads\/2026\/08\/Kalendarium-format-na-www-20-768x430.png 768w\" sizes=\"(max-width: 1929px) 100vw, 1929px\" \/>\t\t\t\t\t\t\t\t\t\t\t\t\t\t\t<\/div>\n\t\t\t\t<\/div>\n\t\t\t\t<div class=\"elementor-element elementor-element-89e8971 elementor-widget elementor-widget-text-editor\" data-id=\"89e8971\" data-element_type=\"widget\" data-widget_type=\"text-editor.default\">\n\t\t\t\t<div class=\"elementor-widget-container\">\n\t\t\t\t\t\t\t\t\t<p><span class=\"a_GcMg font-feature-liga-off font-feature-clig-off font-feature-calt-off text-decoration-none text-strikethrough-none\">Samoloty Junkers Ju 87 D &#8222;Stuka&#8221;. nac.pl<\/span><\/p>\t\t\t\t\t\t\t\t<\/div>\n\t\t\t\t<\/div>\n\t\t\t\t\t<\/div>\n\t\t\t\t<\/div>\n\t\t\t\t<\/div>\n\t\t","protected":false},"excerpt":{"rendered":"<p>Bombardowanie przynios\u0142o ogromne zniszczenia. Zgin\u0119\u0142o od 700 do nawet 1200 os\u00f3b. Miasto zosta\u0142o zniszczone w oko\u0142o 70\u201380 procentach. <\/p>\n","protected":false},"author":7,"featured_media":11467,"comment_status":"closed","ping_status":"closed","sticky":false,"template":"","format":"standard","meta":{"_acf_changed":false,"footnotes":""},"categories":[32],"tags":[],"class_list":["post-11465","post","type-post","status-publish","format-standard","has-post-thumbnail","hentry","category-edukacja"],"acf":[],"_links":{"self":[{"href":"https:\/\/muzeumpamiecitozsamosc.pl\/index.php\/wp-json\/wp\/v2\/posts\/11465","targetHints":{"allow":["GET"]}}],"collection":[{"href":"https:\/\/muzeumpamiecitozsamosc.pl\/index.php\/wp-json\/wp\/v2\/posts"}],"about":[{"href":"https:\/\/muzeumpamiecitozsamosc.pl\/index.php\/wp-json\/wp\/v2\/types\/post"}],"author":[{"embeddable":true,"href":"https:\/\/muzeumpamiecitozsamosc.pl\/index.php\/wp-json\/wp\/v2\/users\/7"}],"replies":[{"embeddable":true,"href":"https:\/\/muzeumpamiecitozsamosc.pl\/index.php\/wp-json\/wp\/v2\/comments?post=11465"}],"version-history":[{"count":10,"href":"https:\/\/muzeumpamiecitozsamosc.pl\/index.php\/wp-json\/wp\/v2\/posts\/11465\/revisions"}],"predecessor-version":[{"id":11482,"href":"https:\/\/muzeumpamiecitozsamosc.pl\/index.php\/wp-json\/wp\/v2\/posts\/11465\/revisions\/11482"}],"wp:featuredmedia":[{"embeddable":true,"href":"https:\/\/muzeumpamiecitozsamosc.pl\/index.php\/wp-json\/wp\/v2\/media\/11467"}],"wp:attachment":[{"href":"https:\/\/muzeumpamiecitozsamosc.pl\/index.php\/wp-json\/wp\/v2\/media?parent=11465"}],"wp:term":[{"taxonomy":"category","embeddable":true,"href":"https:\/\/muzeumpamiecitozsamosc.pl\/index.php\/wp-json\/wp\/v2\/categories?post=11465"},{"taxonomy":"post_tag","embeddable":true,"href":"https:\/\/muzeumpamiecitozsamosc.pl\/index.php\/wp-json\/wp\/v2\/tags?post=11465"}],"curies":[{"name":"wp","href":"https:\/\/api.w.org\/{rel}","templated":true}]}}