{"id":11489,"date":"2026-09-06T08:00:26","date_gmt":"2026-09-06T06:00:26","guid":{"rendered":"https:\/\/muzeumpamiecitozsamosc.pl\/?p=11489"},"modified":"2026-09-06T09:11:20","modified_gmt":"2026-09-06T07:11:20","slug":"6-wrzesnia-1794-r-zakonczylo-sie-oblezenie-warszawy","status":"publish","type":"post","link":"https:\/\/muzeumpamiecitozsamosc.pl\/index.php\/2026\/09\/06\/6-wrzesnia-1794-r-zakonczylo-sie-oblezenie-warszawy\/","title":{"rendered":"6 wrze\u015bnia 1794 r. zako\u0144czy\u0142o si\u0119 obl\u0119\u017cenie Warszawy"},"content":{"rendered":"\t\t<div data-elementor-type=\"wp-post\" data-elementor-id=\"11489\" class=\"elementor elementor-11489\" data-elementor-post-type=\"post\">\n\t\t\t\t<div class=\"elementor-element elementor-element-2a26b0a e-flex e-con-boxed e-con e-parent\" data-id=\"2a26b0a\" data-element_type=\"container\">\n\t\t\t\t\t<div class=\"e-con-inner\">\n\t\t\t\t<div class=\"elementor-element elementor-element-8d742ab elementor-widget elementor-widget-text-editor\" data-id=\"8d742ab\" data-element_type=\"widget\" data-widget_type=\"text-editor.default\">\n\t\t\t\t<div class=\"elementor-widget-container\">\n\t\t\t\t\t\t\t\t\t<p><strong>6 wrze\u015bnia 1794 roku zako\u0144czy\u0142o si\u0119 obl\u0119\u017cenie Warszawy<\/strong>, rozpocz\u0119te 13 lipca podczas insurekcji ko\u015bciuszkowskiej. Walki koncentrowa\u0142y si\u0119 przede wszystkim po <strong>wschodniej i p\u00f3\u0142nocnej stronie miasta<\/strong>. Prusakom uda\u0142o si\u0119 opanowa\u0107 m.in. <strong>Wawrzyszew i Szwedzkie G\u00f3rki<\/strong>, jednak pozycje te zosta\u0142y odbite przez wojska dowodzone przez <strong>Jana Henryka D\u0105browskiego<\/strong>. Ostatecznie <strong>6 wrze\u015bnia wojska pruskie odst\u0105pi\u0142y od obl\u0119\u017cenia<\/strong>. Decyzja ta by\u0142a zwi\u0105zana z wybuchem <strong>powstania w Wielkopolsce<\/strong>, kt\u00f3ry zmusi\u0142 Prusak\u00f3w do zmiany sytuacji i wycofania si\u0119 wraz z wojskami rosyjskimi na pewn\u0105 odleg\u0142o\u015b\u0107 od Warszawy. Stolica pozosta\u0142a wi\u0119c w r\u0119kach powsta\u0144c\u00f3w.<\/p>\t\t\t\t\t\t\t\t<\/div>\n\t\t\t\t<\/div>\n\t\t\t\t<div class=\"elementor-element elementor-element-a9b17b9 elementor-widget elementor-widget-image\" data-id=\"a9b17b9\" data-element_type=\"widget\" data-widget_type=\"image.default\">\n\t\t\t\t<div class=\"elementor-widget-container\">\n\t\t\t\t\t\t\t\t\t\t\t\t\t\t\t<img fetchpriority=\"high\" decoding=\"async\" width=\"1929\" height=\"1080\" src=\"https:\/\/muzeumpamiecitozsamosc.pl\/wp-content\/uploads\/2026\/08\/Kalendarium-format-na-www-22.png\" class=\"attachment-full size-full wp-image-11491\" alt=\"\" srcset=\"https:\/\/muzeumpamiecitozsamosc.pl\/wp-content\/uploads\/2026\/08\/Kalendarium-format-na-www-22.png 1929w, https:\/\/muzeumpamiecitozsamosc.pl\/wp-content\/uploads\/2026\/08\/Kalendarium-format-na-www-22-300x168.png 300w, https:\/\/muzeumpamiecitozsamosc.pl\/wp-content\/uploads\/2026\/08\/Kalendarium-format-na-www-22-1024x573.png 1024w, https:\/\/muzeumpamiecitozsamosc.pl\/wp-content\/uploads\/2026\/08\/Kalendarium-format-na-www-22-768x430.png 768w, https:\/\/muzeumpamiecitozsamosc.pl\/wp-content\/uploads\/2026\/08\/Kalendarium-format-na-www-22-1536x860.png 1536w\" sizes=\"(max-width: 1929px) 100vw, 1929px\" \/>\t\t\t\t\t\t\t\t\t\t\t\t\t\t\t<\/div>\n\t\t\t\t<\/div>\n\t\t\t\t<div class=\"elementor-element elementor-element-f2d81bb elementor-widget elementor-widget-text-editor\" data-id=\"f2d81bb\" data-element_type=\"widget\" data-widget_type=\"text-editor.default\">\n\t\t\t\t<div class=\"elementor-widget-container\">\n\t\t\t\t\t\t\t\t\t<p><span class=\"a_GcMg font-feature-liga-off font-feature-clig-off font-feature-calt-off text-decoration-none text-strikethrough-none\">Plan obl\u0119\u017cenia Warszawy w 1794. Wikimedia commons, domena publiczna.<\/span><\/p>\t\t\t\t\t\t\t\t<\/div>\n\t\t\t\t<\/div>\n\t\t\t\t\t<\/div>\n\t\t\t\t<\/div>\n\t\t\t\t<\/div>\n\t\t","protected":false},"excerpt":{"rendered":"<p>Prusakom uda\u0142o si\u0119 opanowa\u0107 m.in. Wawrzyszew i Szwedzkie G\u00f3rki, jednak pozycje te zosta\u0142y odbite przez wojska dowodzone przez Jana Henryka D\u0105browskiego. Ostatecznie 6 wrze\u015bnia wojska pruskie odst\u0105pi\u0142y od obl\u0119\u017cenia.<\/p>\n","protected":false},"author":7,"featured_media":11491,"comment_status":"closed","ping_status":"closed","sticky":false,"template":"","format":"standard","meta":{"_acf_changed":false,"footnotes":""},"categories":[32],"tags":[],"class_list":["post-11489","post","type-post","status-publish","format-standard","has-post-thumbnail","hentry","category-edukacja"],"acf":[],"_links":{"self":[{"href":"https:\/\/muzeumpamiecitozsamosc.pl\/index.php\/wp-json\/wp\/v2\/posts\/11489","targetHints":{"allow":["GET"]}}],"collection":[{"href":"https:\/\/muzeumpamiecitozsamosc.pl\/index.php\/wp-json\/wp\/v2\/posts"}],"about":[{"href":"https:\/\/muzeumpamiecitozsamosc.pl\/index.php\/wp-json\/wp\/v2\/types\/post"}],"author":[{"embeddable":true,"href":"https:\/\/muzeumpamiecitozsamosc.pl\/index.php\/wp-json\/wp\/v2\/users\/7"}],"replies":[{"embeddable":true,"href":"https:\/\/muzeumpamiecitozsamosc.pl\/index.php\/wp-json\/wp\/v2\/comments?post=11489"}],"version-history":[{"count":4,"href":"https:\/\/muzeumpamiecitozsamosc.pl\/index.php\/wp-json\/wp\/v2\/posts\/11489\/revisions"}],"predecessor-version":[{"id":11494,"href":"https:\/\/muzeumpamiecitozsamosc.pl\/index.php\/wp-json\/wp\/v2\/posts\/11489\/revisions\/11494"}],"wp:featuredmedia":[{"embeddable":true,"href":"https:\/\/muzeumpamiecitozsamosc.pl\/index.php\/wp-json\/wp\/v2\/media\/11491"}],"wp:attachment":[{"href":"https:\/\/muzeumpamiecitozsamosc.pl\/index.php\/wp-json\/wp\/v2\/media?parent=11489"}],"wp:term":[{"taxonomy":"category","embeddable":true,"href":"https:\/\/muzeumpamiecitozsamosc.pl\/index.php\/wp-json\/wp\/v2\/categories?post=11489"},{"taxonomy":"post_tag","embeddable":true,"href":"https:\/\/muzeumpamiecitozsamosc.pl\/index.php\/wp-json\/wp\/v2\/tags?post=11489"}],"curies":[{"name":"wp","href":"https:\/\/api.w.org\/{rel}","templated":true}]}}