{"id":1499,"date":"2024-02-13T14:09:52","date_gmt":"2024-02-13T13:09:52","guid":{"rendered":"https:\/\/muzeumpamiecitozsamosc.pl\/?p=1499"},"modified":"2024-07-18T13:28:04","modified_gmt":"2024-07-18T11:28:04","slug":"samodzielne-stanowisko-pracy-ds-kadr-i-wolontariatu","status":"publish","type":"post","link":"https:\/\/muzeumpamiecitozsamosc.pl\/index.php\/2024\/02\/13\/samodzielne-stanowisko-pracy-ds-kadr-i-wolontariatu\/","title":{"rendered":"Samodzielne Stanowisko Pracy ds. Kadr i Wolontariatu"},"content":{"rendered":"\t\t<div data-elementor-type=\"wp-post\" data-elementor-id=\"1499\" class=\"elementor elementor-1499\" data-elementor-post-type=\"post\">\n\t\t\t\t<div class=\"elementor-element elementor-element-7c704fc e-flex e-con-boxed e-con e-parent\" data-id=\"7c704fc\" data-element_type=\"container\">\n\t\t\t\t\t<div class=\"e-con-inner\">\n\t\t\t\t<div class=\"elementor-element elementor-element-a458b2c elementor-widget elementor-widget-text-editor\" data-id=\"a458b2c\" data-element_type=\"widget\" data-widget_type=\"text-editor.default\">\n\t\t\t\t<div class=\"elementor-widget-container\">\n\t\t\t\t\t\t\t\t\t<p>Nab\u00f3r zako\u0144czony brakiem wyboru kandydata\/kandydatki<\/p>\t\t\t\t\t\t\t\t<\/div>\n\t\t\t\t<\/div>\n\t\t\t\t\t<\/div>\n\t\t\t\t<\/div>\n\t\t<div class=\"elementor-element elementor-element-f12c7df e-flex e-con-boxed e-con e-parent\" data-id=\"f12c7df\" data-element_type=\"container\" data-settings=\"{&quot;background_background&quot;:&quot;classic&quot;}\">\n\t\t\t\t\t<div class=\"e-con-inner\">\n\t\t<div class=\"elementor-element elementor-element-c8e64b9 e-con-full e-flex e-con e-child\" data-id=\"c8e64b9\" data-element_type=\"container\">\n\t\t\t\t<div class=\"elementor-element elementor-element-137ffe7 elementor-widget__width-auto elementor-widget elementor-widget-text-editor\" data-id=\"137ffe7\" data-element_type=\"widget\" data-widget_type=\"text-editor.default\">\n\t\t\t\t<div class=\"elementor-widget-container\">\n\t\t\t\t\t\t\t\t\t<p>Termin sk\u0142adania aplikacji:<\/p>\t\t\t\t\t\t\t\t<\/div>\n\t\t\t\t<\/div>\n\t\t\t\t<div class=\"elementor-element elementor-element-1bd5037 elementor-widget elementor-widget-text-editor\" data-id=\"1bd5037\" data-element_type=\"widget\" data-widget_type=\"text-editor.default\">\n\t\t\t\t<div class=\"elementor-widget-container\">\n\t\t\t\t\t\t\t\t\t<p>19.04.2024r.<\/p>\t\t\t\t\t\t\t\t<\/div>\n\t\t\t\t<\/div>\n\t\t\t\t<\/div>\n\t\t<div class=\"elementor-element elementor-element-08c0331 e-con-full e-flex e-con e-child\" data-id=\"08c0331\" data-element_type=\"container\">\n\t\t\t\t<div class=\"elementor-element elementor-element-a236cfc elementor-widget__width-auto elementor-widget elementor-widget-text-editor\" data-id=\"a236cfc\" data-element_type=\"widget\" data-widget_type=\"text-editor.default\">\n\t\t\t\t<div class=\"elementor-widget-container\">\n\t\t\t\t\t\t\t\t\t<p>dokumenty nale\u017cy dostarczy\u0107 w zamkni\u0119tej kopercie do dnia 19.04.2024r.<\/p><p>poczt\u0105 na adres: Muzeum Pami\u0119\u0107 i To\u017csamo\u015b\u0107 im. \u015bw. Jana Paw\u0142a II ul. Droga Starotoru\u0144ska 3, 87-100 Toru\u0144 (decyduje data faktycznego wp\u0142ywu do Muzeum).<\/p>\t\t\t\t\t\t\t\t<\/div>\n\t\t\t\t<\/div>\n\t\t\t\t<\/div>\n\t\t\t\t\t<\/div>\n\t\t\t\t<\/div>\n\t\t<div class=\"elementor-element elementor-element-e212222 e-flex e-con-boxed e-con e-parent\" data-id=\"e212222\" data-element_type=\"container\" data-settings=\"{&quot;background_background&quot;:&quot;classic&quot;}\">\n\t\t\t\t\t<div class=\"e-con-inner\">\n\t\t\t\t<div class=\"elementor-element elementor-element-ff91534 elementor-widget elementor-widget-heading\" data-id=\"ff91534\" data-element_type=\"widget\" data-widget_type=\"heading.default\">\n\t\t\t\t<div class=\"elementor-widget-container\">\n\t\t\t\t\t<h4 class=\"elementor-heading-title elementor-size-default\">Muzeum \u201ePami\u0119\u0107 i To\u017csamo\u015b\u0107\u201d im. \u015bw. Jana Paw\u0142a II (w organizacji)\n\nZaprasza do rekrutacji na stanowisko:\n\nSamodzielne Stanowisko Pracy ds. Kadr i Wolontariatu<\/h4>\t\t\t\t<\/div>\n\t\t\t\t<\/div>\n\t\t\t\t\t<\/div>\n\t\t\t\t<\/div>\n\t\t<div class=\"elementor-element elementor-element-5e3e471 e-flex e-con-boxed e-con e-parent\" data-id=\"5e3e471\" data-element_type=\"container\">\n\t\t\t\t\t<div class=\"e-con-inner\">\n\t\t\t\t<div class=\"elementor-element elementor-element-fd473aa elementor-widget elementor-widget-text-editor\" data-id=\"fd473aa\" data-element_type=\"widget\" data-widget_type=\"text-editor.default\">\n\t\t\t\t<div class=\"elementor-widget-container\">\n\t\t\t\t\t\t\t\t\t<section class=\"wide\"><article><p>Muzeum \u201ePami\u0119\u0107 i To\u017csamo\u015b\u0107\u201d im. \u015bw. Jana Paw\u0142a II (w organizacji)<\/p><p>Zaprasza do rekrutacji na stanowisko:<\/p><p>Samodzielne Stanowisko Pracy ds. Kadr i Wolontariatu<\/p><p>Miejsce pracy: Muzeum \u201ePami\u0119\u0107 i To\u017csamo\u015b\u0107\u201d im. \u015bw. Jana Paw\u0142a II w Toruniu<\/p><p>OPIS STANOWISKA:<\/p><p>\u2022 tworzenie, aktualizowanie, doskonalenie obowi\u0105zuj\u0105cych system\u00f3w, narz\u0119dzi wspieraj\u0105cych zarz\u0105dzanie zasobami ludzkimi oraz procedur i regulamin\u00f3w z zakresu zarz\u0105dzania zasobami ludzkimi,<br \/>\u2022 pe\u0142na obs\u0142uga kadrowa pracownik\u00f3w, zleceniobiorc\u00f3w (prowadzenie akt osobowych, dokumentacji zleceniobiorc\u00f3w, przygotowywanie dokument\u00f3w zwi\u0105zanych z zatrudnieniem, przebiegiem <br \/>i zako\u0144czeniem stosunku pracy),<br \/>\u2022 realizacja zada\u0144 zwi\u0105zanych z organizacj\u0105 wolontariat\u00f3w, w tym przygotowywanie tre\u015bci og\u0142osze\u0144, kontakt z kandydatami, zawieranie um\u00f3w, prowadzenie rejestru,<br \/>\u2022 koordynacja i obs\u0142uga procesu naboru pracownik\u00f3w,<br \/>\u2022 prowadzenie i kontrolowanie pracownik\u00f3w z zakresu czasu pracy ( ewidencja czasu pracy, zwolnienia lekarskie, godziny nadliczbowe, urlopy),<br \/>\u2022 wydawanie i aktualizacja legitymacji s\u0142u\u017cbowych,<br \/>\u2022 obs\u0142uga programu P\u0142atnik, w tym m. in. wysy\u0142anie deklaracji zg\u0142oszeniowych, wyrejestrowywanie oraz aktualizacja danych osobowych,<br \/>\u2022 opracowywanie analiz, raport\u00f3w i zestawie\u0144 kadrowych na potrzeby wewn\u0119trzne oraz na potrzeby instytucji zewn\u0119trznych,<br \/>\u2022 wspieranie kadry zarz\u0105dzaj\u0105cej w obszarze kadrowym. Przygotowywanie i wdra\u017canie za\u0142o\u017ce\u0144 polityki kadrowo- p\u0142acowej Muzeum.<\/p><p>WYMAGANIA:<br \/>\u2022 wykszta\u0142cenie wy\u017csze,<br \/>\u2022 do\u015bwiadczenie zawodowe co najmniej 4 lata na stanowisku zwi\u0105zanym z zarz\u0105dzaniem zasobami ludzkimi,<br \/>\u2022 bardzo dobra znajomo\u015b\u0107 zagadnie\u0144 z zakresu prawa pracy, ubezpiecze\u0144 spo\u0142ecznych,<br \/>\u2022 bardzo dobra znajomo\u015b\u0107 programu P\u0142atnik,<br \/>\u2022 bardzo dobra organizacja pracy w\u0142asnej,<br \/>\u2022 rzetelno\u015b\u0107, skrupulatno\u015b\u0107, dok\u0142adno\u015b\u0107 i terminowo\u015b\u0107,<br \/>\u2022 \u0142atwo\u015b\u0107 w nawi\u0105zywaniu kontakt\u00f3w,<br \/>\u2022 wysoka kultura osobista,<br \/>\u2022 bardzo dobra znajomo\u015b\u0107 pakietu MS Office.<\/p><p>OFERUJEMY:<br \/>\u2022 zatrudnienie w presti\u017cowej instytucji kultury w oparciu o umow\u0119 o prac\u0119,<br \/>\u2022 udzia\u0142 w kszta\u0142towaniu pozytywnego wizerunku Muzeum \u201ePami\u0119\u0107 i To\u017csamo\u015b\u0107\u201d im. \u015bw. Jana Paw\u0142a II,<br \/>\u2022 prac\u0119 stacjonarn\u0105 w przyjaznym zespole,<br \/>\u2022 mo\u017cliwo\u015b\u0107 udzia\u0142u w ciekawych wydarzeniach kulturalnych.<br \/><br \/><\/p><p>Wymagane dokumenty:<br \/>\u2022 kopie dokument\u00f3w potwierdzaj\u0105cych spe\u0142nienie wymagania niezb\u0119dnego w zakresie wykszta\u0142cenia oraz do\u015bwiadczenia,<br \/>\u2022 list motywacyjny oraz CV &#8211; opatrzone w\u0142asnor\u0119cznym podpisem wraz z klauzul\u0105:<br \/>Wyra\u017cam zgod\u0119 na przetwarzanie moich danych osobowych przez Muzeum \u201ePami\u0119\u0107 i To\u017csamo\u015b\u0107\u201d im. \u015bw. Jana Paw\u0142a II (w organizacji) dla potrzeb niezb\u0119dnych do realizacji proces\u00f3w rekrutacyjnych, (zgodnie z ustaw\u0105 z dnia 10 maja 2018 roku o ochronie danych osobowych (Dz. Ustaw z 2018, poz. 1000) oraz zgodnie z Rozporz\u0105dzeniem Parlamentu Europejskiego i Rady (UE) 2016\/679 z dnia 27 kwietnia 2016 r. w sprawie ochrony os\u00f3b fizycznych w zwi\u0105zku z przetwarzaniem danych osobowych i w sprawie swobodnego przep\u0142ywu takich danych oraz uchylenia dyrektywy 95\/46\/WE (RODO).<\/p><p>Termin i miejsce sk\u0142adania dokument\u00f3w:<br \/>\u2022 dokumenty nale\u017cy dostarczy\u0107 w zamkni\u0119tej kopercie do dnia 19.04.2024 r.<br \/>\u2022 poczt\u0105 na adres: Muzeum Pami\u0119\u0107 i To\u017csamo\u015b\u0107 im. \u015bw. Jana Paw\u0142a II ul. Droga Starotoru\u0144ska 3, 87-100 Toru\u0144 (decyduje data faktycznego wp\u0142ywu do Muzeum).<\/p><p>Na kopercie prosimy o wpisanie : \u201eOferta pracy- Samodzielne Stanowisko Pracy ds. Kadr i Wolontariatu\u201d<br \/>Procedura naboru:<br \/>Proces rekrutacji na wy\u017cej wymienione stanowisko b\u0119dzie dwuetapowy.<br \/>I Etap \u2013 weryfikacja formalna nades\u0142anych ofert- do drugiego etapu zaproszeni zostan\u0105 kandydaci, kt\u00f3rzy spe\u0142niaj\u0105 wszystkie wymagania formalne. <br \/>II Etap \u2013 rozmowa kwalifikacyjna.<br \/><br \/><\/p><p>Dodatkowe informacje:<br \/>\u2022 Aplikacje z\u0142o\u017cone po wskazanym terminie b\u0105d\u017a niekompletne, nie b\u0119d\u0105 rozpatrywane.<br \/>\u2022 Muzeum zastrzega sobie prawo odwo\u0142ania lub przed\u0142u\u017cenia procedury naboru w ka\u017cdym terminie.<br \/>\u2022 Muzeum zastrzega sobie prawo niewybrania \u017cadnego z kandydat\u00f3w.<\/p><\/article><\/section>\t\t\t\t\t\t\t\t<\/div>\n\t\t\t\t<\/div>\n\t\t\t\t<div class=\"elementor-element elementor-element-22f4896 elementor-widget-divider--view-line elementor-widget elementor-widget-divider\" data-id=\"22f4896\" data-element_type=\"widget\" data-widget_type=\"divider.default\">\n\t\t\t\t<div class=\"elementor-widget-container\">\n\t\t\t\t\t\t\t<div class=\"elementor-divider\">\n\t\t\t<span class=\"elementor-divider-separator\">\n\t\t\t\t\t\t<\/span>\n\t\t<\/div>\n\t\t\t\t\t\t<\/div>\n\t\t\t\t<\/div>\n\t\t\t\t<div class=\"elementor-element elementor-element-c61169c elementor-widget elementor-widget-text-editor\" data-id=\"c61169c\" data-element_type=\"widget\" data-widget_type=\"text-editor.default\">\n\t\t\t\t<div class=\"elementor-widget-container\">\n\t\t\t\t\t\t\t\t\t<p><strong>Aplikacje prosimy sk\u0142ada\u0107 pod adresem:<\/strong><\/p><p>Muzeum Pami\u0119\u0107 i To\u017csamo\u015b\u0107 im. \u015bw. Jana Paw\u0142a II<\/p><p>ul. Droga Starotoru\u0144ska 3, 87-100 Toru\u0144<\/p><p>\u00a0<\/p>\t\t\t\t\t\t\t\t<\/div>\n\t\t\t\t<\/div>\n\t\t\t\t\t<\/div>\n\t\t\t\t<\/div>\n\t\t<div class=\"elementor-element elementor-element-dae6d81 e-flex e-con-boxed e-con e-parent\" data-id=\"dae6d81\" data-element_type=\"container\">\n\t\t\t\t\t<div class=\"e-con-inner\">\n\t\t\t\t<div class=\"elementor-element elementor-element-be2cfd8 elementor-post-navigation-borders-yes elementor-widget elementor-widget-post-navigation\" data-id=\"be2cfd8\" data-element_type=\"widget\" data-widget_type=\"post-navigation.default\">\n\t\t\t\t<div class=\"elementor-widget-container\">\n\t\t\t\t\t\t\t<div class=\"elementor-post-navigation\" role=\"navigation\" aria-label=\"Nawigacja wpisu\">\n\t\t\t<div class=\"elementor-post-navigation__prev elementor-post-navigation__link\">\n\t\t\t\t<a href=\"https:\/\/muzeumpamiecitozsamosc.pl\/index.php\/2024\/02\/13\/samodzielne-stanowisko-ds-kontroli-wewnetrznej-i-audytu\/\" rel=\"prev\"><span class=\"post-navigation__arrow-wrapper post-navigation__arrow-prev\"><svg aria-hidden=\"true\" class=\"e-font-icon-svg e-fas-angle-left\" viewBox=\"0 0 256 512\" xmlns=\"http:\/\/www.w3.org\/2000\/svg\"><path d=\"M31.7 239l136-136c9.4-9.4 24.6-9.4 33.9 0l22.6 22.6c9.4 9.4 9.4 24.6 0 33.9L127.9 256l96.4 96.4c9.4 9.4 9.4 24.6 0 33.9L201.7 409c-9.4 9.4-24.6 9.4-33.9 0l-136-136c-9.5-9.4-9.5-24.6-.1-34z\"><\/path><\/svg><span class=\"elementor-screen-only\">Prev<\/span><\/span><span class=\"elementor-post-navigation__link__prev\"><span class=\"post-navigation__prev--label\">Poprzedni<\/span><span class=\"post-navigation__prev--title\">Samodzielne Stanowisko ds. Kontroli Wewn\u0119trznej i Audytu<\/span><\/span><\/a>\t\t\t<\/div>\n\t\t\t\t\t\t\t<div class=\"elementor-post-navigation__separator-wrapper\">\n\t\t\t\t\t<div class=\"elementor-post-navigation__separator\"><\/div>\n\t\t\t\t<\/div>\n\t\t\t\t\t\t<div class=\"elementor-post-navigation__next elementor-post-navigation__link\">\n\t\t\t\t<a href=\"https:\/\/muzeumpamiecitozsamosc.pl\/index.php\/2024\/02\/13\/pelnomocnik-ds-ochrony-informacji-niejawnych-spraw-obronnych-oraz-zarzadzania-kryzysowego\/\" rel=\"next\"><span class=\"elementor-post-navigation__link__next\"><span class=\"post-navigation__next--label\">Nast\u0119pny<\/span><span class=\"post-navigation__next--title\">Pe\u0142nomocnik ds. ochrony informacji niejawnych, spraw obronnych oraz zarz\u0105dzania kryzysowego<\/span><\/span><span class=\"post-navigation__arrow-wrapper post-navigation__arrow-next\"><svg aria-hidden=\"true\" class=\"e-font-icon-svg e-fas-angle-right\" viewBox=\"0 0 256 512\" xmlns=\"http:\/\/www.w3.org\/2000\/svg\"><path d=\"M224.3 273l-136 136c-9.4 9.4-24.6 9.4-33.9 0l-22.6-22.6c-9.4-9.4-9.4-24.6 0-33.9l96.4-96.4-96.4-96.4c-9.4-9.4-9.4-24.6 0-33.9L54.3 103c9.4-9.4 24.6-9.4 33.9 0l136 136c9.5 9.4 9.5 24.6.1 34z\"><\/path><\/svg><span class=\"elementor-screen-only\">Nast\u0119pny<\/span><\/span><\/a>\t\t\t<\/div>\n\t\t<\/div>\n\t\t\t\t\t\t<\/div>\n\t\t\t\t<\/div>\n\t\t\t\t\t<\/div>\n\t\t\t\t<\/div>\n\t\t\t\t<\/div>\n\t\t","protected":false},"excerpt":{"rendered":"<p>Nab\u00f3r zako\u0144czony brakiem wyboru kandydata\/kandydatki Termin sk\u0142adania aplikacji: 19.04.2024r. dokumenty nale\u017cy dostarczy\u0107 w zamkni\u0119tej kopercie do dnia 19.04.2024r. poczt\u0105 na adres: Muzeum Pami\u0119\u0107 i To\u017csamo\u015b\u0107 im. \u015bw. Jana Paw\u0142a II ul. Droga Starotoru\u0144ska 3, 87-100 Toru\u0144 (decyduje data faktycznego wp\u0142ywu do Muzeum). Muzeum \u201ePami\u0119\u0107 i To\u017csamo\u015b\u0107\u201d im. \u015bw. Jana Paw\u0142a II (w organizacji) Zaprasza do [&hellip;]<\/p>\n","protected":false},"author":3,"featured_media":0,"comment_status":"closed","ping_status":"open","sticky":false,"template":"","format":"standard","meta":{"_acf_changed":false,"footnotes":""},"categories":[26],"tags":[],"class_list":["post-1499","post","type-post","status-publish","format-standard","hentry","category-archiwum-2024"],"acf":[],"_links":{"self":[{"href":"https:\/\/muzeumpamiecitozsamosc.pl\/index.php\/wp-json\/wp\/v2\/posts\/1499","targetHints":{"allow":["GET"]}}],"collection":[{"href":"https:\/\/muzeumpamiecitozsamosc.pl\/index.php\/wp-json\/wp\/v2\/posts"}],"about":[{"href":"https:\/\/muzeumpamiecitozsamosc.pl\/index.php\/wp-json\/wp\/v2\/types\/post"}],"author":[{"embeddable":true,"href":"https:\/\/muzeumpamiecitozsamosc.pl\/index.php\/wp-json\/wp\/v2\/users\/3"}],"replies":[{"embeddable":true,"href":"https:\/\/muzeumpamiecitozsamosc.pl\/index.php\/wp-json\/wp\/v2\/comments?post=1499"}],"version-history":[{"count":16,"href":"https:\/\/muzeumpamiecitozsamosc.pl\/index.php\/wp-json\/wp\/v2\/posts\/1499\/revisions"}],"predecessor-version":[{"id":2111,"href":"https:\/\/muzeumpamiecitozsamosc.pl\/index.php\/wp-json\/wp\/v2\/posts\/1499\/revisions\/2111"}],"wp:attachment":[{"href":"https:\/\/muzeumpamiecitozsamosc.pl\/index.php\/wp-json\/wp\/v2\/media?parent=1499"}],"wp:term":[{"taxonomy":"category","embeddable":true,"href":"https:\/\/muzeumpamiecitozsamosc.pl\/index.php\/wp-json\/wp\/v2\/categories?post=1499"},{"taxonomy":"post_tag","embeddable":true,"href":"https:\/\/muzeumpamiecitozsamosc.pl\/index.php\/wp-json\/wp\/v2\/tags?post=1499"}],"curies":[{"name":"wp","href":"https:\/\/api.w.org\/{rel}","templated":true}]}}