{"id":2072,"date":"2024-07-15T10:10:04","date_gmt":"2024-07-15T08:10:04","guid":{"rendered":"https:\/\/muzeumpamiecitozsamosc.pl\/?p=2072"},"modified":"2024-09-03T09:50:22","modified_gmt":"2024-09-03T07:50:22","slug":"starszy-specjalista-ds-obslugi-kasowej","status":"publish","type":"post","link":"https:\/\/muzeumpamiecitozsamosc.pl\/index.php\/2024\/07\/15\/starszy-specjalista-ds-obslugi-kasowej\/","title":{"rendered":"STARSZY SPECJALISTA DS. OBS\u0141UGI KASOWEJ"},"content":{"rendered":"\t\t<div data-elementor-type=\"wp-post\" data-elementor-id=\"2072\" class=\"elementor elementor-2072\" data-elementor-post-type=\"post\">\n\t\t\t\t<div class=\"elementor-element elementor-element-7c704fc e-flex e-con-boxed e-con e-parent\" data-id=\"7c704fc\" data-element_type=\"container\">\n\t\t\t\t\t<div class=\"e-con-inner\">\n\t\t\t\t<div class=\"elementor-element elementor-element-a458b2c elementor-widget elementor-widget-text-editor\" data-id=\"a458b2c\" data-element_type=\"widget\" data-widget_type=\"text-editor.default\">\n\t\t\t\t<div class=\"elementor-widget-container\">\n\t\t\t\t\t\t\t\t\t<p>Nab\u00f3r zako\u0144czony wyborem kandydata: Pani Beata Sakowicz<\/p>\t\t\t\t\t\t\t\t<\/div>\n\t\t\t\t<\/div>\n\t\t\t\t\t<\/div>\n\t\t\t\t<\/div>\n\t\t<div class=\"elementor-element elementor-element-f12c7df e-flex e-con-boxed e-con e-parent\" data-id=\"f12c7df\" data-element_type=\"container\" data-settings=\"{&quot;background_background&quot;:&quot;classic&quot;}\">\n\t\t\t\t\t<div class=\"e-con-inner\">\n\t\t<div class=\"elementor-element elementor-element-c8e64b9 e-con-full e-flex e-con e-child\" data-id=\"c8e64b9\" data-element_type=\"container\">\n\t\t\t\t<div class=\"elementor-element elementor-element-137ffe7 elementor-widget__width-auto elementor-widget elementor-widget-text-editor\" data-id=\"137ffe7\" data-element_type=\"widget\" data-widget_type=\"text-editor.default\">\n\t\t\t\t<div class=\"elementor-widget-container\">\n\t\t\t\t\t\t\t\t\t<p>Termin sk\u0142adania aplikacji:<\/p>\t\t\t\t\t\t\t\t<\/div>\n\t\t\t\t<\/div>\n\t\t\t\t<div class=\"elementor-element elementor-element-1bd5037 elementor-widget elementor-widget-text-editor\" data-id=\"1bd5037\" data-element_type=\"widget\" data-widget_type=\"text-editor.default\">\n\t\t\t\t<div class=\"elementor-widget-container\">\n\t\t\t\t\t\t\t\t\t<p>26.07.2024r.<\/p>\t\t\t\t\t\t\t\t<\/div>\n\t\t\t\t<\/div>\n\t\t\t\t<\/div>\n\t\t<div class=\"elementor-element elementor-element-08c0331 e-con-full e-flex e-con e-child\" data-id=\"08c0331\" data-element_type=\"container\">\n\t\t\t\t<\/div>\n\t\t\t\t\t<\/div>\n\t\t\t\t<\/div>\n\t\t<div class=\"elementor-element elementor-element-e212222 e-flex e-con-boxed e-con e-parent\" data-id=\"e212222\" data-element_type=\"container\" data-settings=\"{&quot;background_background&quot;:&quot;classic&quot;}\">\n\t\t\t\t\t<div class=\"e-con-inner\">\n\t\t\t\t<div class=\"elementor-element elementor-element-ff91534 elementor-widget elementor-widget-heading\" data-id=\"ff91534\" data-element_type=\"widget\" data-widget_type=\"heading.default\">\n\t\t\t\t<div class=\"elementor-widget-container\">\n\t\t\t\t\t<h4 class=\"elementor-heading-title elementor-size-default\">Muzeum \u201ePami\u0119\u0107 i To\u017csamo\u015b\u0107\u201d im. \u015bw. Jana Paw\u0142a II (w organizacji)\n\nZaprasza do rekrutacji na stanowisko:\n\nSTARSZY SPECJALISTA DS. OBS\u0141UGI KASOWEJ<\/h4>\t\t\t\t<\/div>\n\t\t\t\t<\/div>\n\t\t\t\t\t<\/div>\n\t\t\t\t<\/div>\n\t\t<div class=\"elementor-element elementor-element-5e3e471 e-flex e-con-boxed e-con e-parent\" data-id=\"5e3e471\" data-element_type=\"container\">\n\t\t\t\t\t<div class=\"e-con-inner\">\n\t\t\t\t<div class=\"elementor-element elementor-element-22f4896 elementor-widget-divider--view-line elementor-widget elementor-widget-divider\" data-id=\"22f4896\" data-element_type=\"widget\" data-widget_type=\"divider.default\">\n\t\t\t\t<div class=\"elementor-widget-container\">\n\t\t\t\t\t\t\t<div class=\"elementor-divider\">\n\t\t\t<span class=\"elementor-divider-separator\">\n\t\t\t\t\t\t<\/span>\n\t\t<\/div>\n\t\t\t\t\t\t<\/div>\n\t\t\t\t<\/div>\n\t\t\t\t<div class=\"elementor-element elementor-element-fd473aa elementor-widget elementor-widget-text-editor\" data-id=\"fd473aa\" data-element_type=\"widget\" data-widget_type=\"text-editor.default\">\n\t\t\t\t<div class=\"elementor-widget-container\">\n\t\t\t\t\t\t\t\t\t<section>\n<article>\n<p><b>Wymiar etatu: 0,5&nbsp;<\/b><\/p>\n<p><b style=\"color: var( --e-global-color-text ); font-family: var( --e-global-typography-text-font-family ), Sans-serif; text-align: var(--text-align); font-size: 1rem;\"><br>Miejsce pracy: Muzeum \u201ePami\u0119\u0107 i To\u017csamo\u015b\u0107\u201d im. \u015bw. Jana Paw\u0142a II w Toruniu<\/b><\/p>\n<p><b style=\"color: var( --e-global-color-text ); font-family: var( --e-global-typography-text-font-family ), Sans-serif; text-align: var(--text-align); font-size: 1rem;\"><br>OPIS STANOWISKA:<\/b><\/p>\n<p><b>* sprzeda\u017c bilet\u00f3w w kasie Muzeum<\/b><\/p>\n<p><b>* rozliczanie kasy g\u0142\u00f3wnej Muzeum<\/b><\/p>\n<p><b>* sporz\u0105dzanie raport\u00f3w kasowych<\/b><\/p>\n<p><b>* rozliczanie kas fiskalnych<\/b><\/p>\n<p><b>* udzielanie instrukta\u017cu pracownikom obs\u0142uguj\u0105cych kasy&nbsp; &nbsp; &nbsp; &nbsp;<\/b><\/p>\n<p><b>* obs\u0142uga aplikacji do sprzeda\u017cy bilet\u00f3w&nbsp;<\/b><\/p>\n<p><b>* udzielanie zwiedzaj\u0105cym informacji o aktualnej ofercie wystawienniczo-kulturalnej Muzeum<\/b><\/p>\n<p><b>* prowadzenie sta\u0142ego monitoringu poziomu obs\u0142ugi zwiedzaj\u0105cych oraz diagnozowanie problem\u00f3w w tym zakresie i wskazywanie propozycji ich rozwi\u0105zania<\/b><\/p>\n<p><b>* nadz\u00f3r nad prawid\u0142owo\u015bci\u0105 dzia\u0142ania holu g\u0142\u00f3wnego Muzeum&nbsp;<\/b><\/p>\n<p><br><\/p>\n<p><b>WYMAGANIA:<\/b><\/p>\n<p><b>* minimum 5-letni sta\u017c pracy<\/b><\/p>\n<p><b>* wykszta\u0142cenie \u015brednie<\/b><\/p>\n<p><b>* odpowiedzialno\u015b\u0107, rzetelno\u015b\u0107, systematyczno\u015b\u0107<\/b><\/p>\n<p><b>* umiej\u0119tno\u015b\u0107 pracy w zespole<\/b><\/p>\n<p><b>* wysoka kultura osobista&nbsp;<\/b><\/p>\n<p><b>&nbsp;<\/b><\/p>\n<p><b>MILE WIDZIANE:<\/b><\/p>\n<p><b>* do\u015bwiadczenie zawodowe w obs\u0142udze kasowej&nbsp;<\/b><\/p>\n<p><b>* do\u015bwiadczenie w pracy w jednostkach sektora publicznego lub jednostkach kultury&nbsp;<\/b><\/p>\n<p><b>&nbsp;<\/b><\/p>\n<p><b>OFERUJEMY:<\/b><\/p>\n<p><b>* zatrudnienie w presti\u017cowej instytucji kultury w oparciu o umow\u0119 o prac\u0119<\/b><\/p>\n<p><b>* dodatek za wieloletni\u0105 prac\u0119 w wysoko\u015bci o 5% do 20% wynagrodzenia zasadniczego, w zale\u017cno\u015bci od udokumentowanego sta\u017cu pracy<\/b><\/p>\n<p><b>* nagrody jubileuszowe<\/b><\/p>\n<p><b>* udzia\u0142 w kszta\u0142towaniu pozytywnego wizerunku Muzeum&nbsp;<\/b><\/p>\n<p><b>&nbsp;<\/b><\/p>\n<p><b>WYMAGANE DOKUMENTY:<\/b><\/p>\n<p><b>* kopie dokument\u00f3w potwierdzaj\u0105cych spe\u0142nienie wymagania niezb\u0119dnego w zakresie wykszta\u0142cenia oraz do\u015bwiadczenia zawodowego&nbsp;<\/b><\/p>\n<p><b>* list motywacyjny oraz CV &#8211; opatrzone w\u0142asnor\u0119cznym podpisem wraz z klauzul\u0105:<\/b><\/p>\n<p><b>\u201eWyra\u017cam zgod\u0119 na przetwarzanie moich danych osobowych zawartych w dokumentach aplikacyjnych dla cel\u00f3w prowadzonego przez Muzeum \u201ePami\u0119\u0107 i To\u017csamo\u015b\u0107\u201d im. \u015bw. Jana Paw\u0142a<\/b><\/p>\n<p><b>&nbsp;II procesu rekrutacji na stanowisko wskazane w og\u0142oszeniu. Zosta\u0142em\/Zosta\u0142am poinformowany\/poinformowana, \u017ce wyra\u017cenie zgody jest dobrowolne oraz \u017ce mam prawo do wycofania zgody w dowolnym momencie, a wycofanie zgody nie wp\u0142ywa na zgodno\u015b\u0107 z prawem przetwarzania, kt\u00f3rego dokonano na jej podstawie przed jej wycofaniem. Jednocze\u015bnie o\u015bwiadczam, \u017ce zapozna\u0142em\/zapozna\u0142am si\u0119 z klauzul\u0105 informacyjn\u0105 dotycz\u0105c\u0105 przetwarzania danych osobowych zgodnie z Rozporz\u0105dzeniem Parlamentu Europejskiego i Rady z dnia 27 kwietnia 2016 r., zamieszczon\u0105 na stronie internetowej Muzeum b\u0105d\u017a na portalu rekrutacyjnym, na kt\u00f3rym zamieszczone zosta\u0142o og\u0142oszenie o naborze\u201d.<\/b><\/p>\n<p><b>&nbsp;<\/b><\/p>\n<p><b>Termin i miejsce sk\u0142adania dokument\u00f3w:<\/b><\/p>\n<p><b>Dokumenty nale\u017cy dostarczy\u0107 do dnia 26.07.2024 r.&nbsp;<\/b><\/p>\n<p><b>* decyduje data wp\u0142ywu oferty do Muzeum<\/b><\/p>\n<p><b>* dokumenty mo\u017cna z\u0142o\u017cy\u0107: w formie papierowej \u2013 osobi\u015bcie w zamkni\u0119tej kopercie lub przes\u0142a\u0107 poczt\u0105 na adres: Muzeum Pami\u0119\u0107 i To\u017csamo\u015b\u0107 im. \u015bw. Jana Paw\u0142a II ul. Droga Starotoru\u0144ska 3, 87-100 Toru\u0144, lub w formie elektronicznej \u2013 na adres mailowy: rekrutacja(at)muzeumpamiecitozsamosc.pl<\/b><\/p>\n<p><b>Na kopercie lub w tytule wiadomo\u015bci e-mail prosimy o wpisanie: \u201eOferta pracy \u2013 Starszy specjalista ds. obs\u0142ugi kasowej&#8221;.<\/b><\/p>\n<p><b>&nbsp;<\/b><\/p>\n<p><b>Procedura naboru:<\/b><\/p>\n<p><b>Proces rekrutacji na wy\u017cej wymienione stanowisko b\u0119dzie dwuetapowy.<\/b><\/p>\n<p><b>I Etap &#8211; weryfikacja formalna nades\u0142anych ofert &#8211; do drugiego etapu zaproszeni zostan\u0105 kandydaci, kt\u00f3rzy spe\u0142niaj\u0105 wszystkie wymagania formalne.&nbsp;<\/b><\/p>\n<p><b>II Etap &#8211; rozmowa kwalifikacyjna.<\/b><\/p>\n<p><b>&nbsp;<\/b><\/p>\n<p><b>Dodatkowe informacje:<\/b><\/p>\n<p><b>* Aplikacje z\u0142o\u017cone po wskazanym terminie b\u0105d\u017a niekompletne, nie b\u0119d\u0105 rozpatrywane.<\/b><\/p>\n<p><b>* Muzeum zastrzega sobie prawo odwo\u0142ania lub przed\u0142u\u017cenia procedury naboru w ka\u017cdym terminie.<\/b><\/p>\n<p><b>* Muzeum zastrzega sobie prawo niewybrania \u017cadnego z kandydat\u00f3w.<\/b><\/p>\n<\/article>\n<\/section>\t\t\t\t\t\t\t\t<\/div>\n\t\t\t\t<\/div>\n\t\t\t\t<div class=\"elementor-element elementor-element-c61169c elementor-widget elementor-widget-text-editor\" data-id=\"c61169c\" data-element_type=\"widget\" data-widget_type=\"text-editor.default\">\n\t\t\t\t<div class=\"elementor-widget-container\">\n\t\t\t\t\t\t\t\t\t<p><strong>Aplikacje prosimy sk\u0142ada\u0107 pod adresem:<\/strong><\/p><p>Muzeum Pami\u0119\u0107 i To\u017csamo\u015b\u0107 im. \u015bw. Jana Paw\u0142a II<\/p><p>ul. Droga Starotoru\u0144ska 3, 87-100 Toru\u0144<\/p><p>lub e-mailowo: rekrutacja(at)muzeumpamiecitozsamosc.pl<\/p>\t\t\t\t\t\t\t\t<\/div>\n\t\t\t\t<\/div>\n\t\t\t\t\t<\/div>\n\t\t\t\t<\/div>\n\t\t<div class=\"elementor-element elementor-element-dae6d81 e-flex e-con-boxed e-con e-parent\" data-id=\"dae6d81\" data-element_type=\"container\">\n\t\t\t\t\t<div class=\"e-con-inner\">\n\t\t\t\t<div class=\"elementor-element elementor-element-be2cfd8 elementor-post-navigation-borders-yes elementor-widget elementor-widget-post-navigation\" data-id=\"be2cfd8\" data-element_type=\"widget\" data-widget_type=\"post-navigation.default\">\n\t\t\t\t<div class=\"elementor-widget-container\">\n\t\t\t\t\t\t\t<div class=\"elementor-post-navigation\" role=\"navigation\" aria-label=\"Nawigacja wpisu\">\n\t\t\t<div class=\"elementor-post-navigation__prev elementor-post-navigation__link\">\n\t\t\t\t<a href=\"https:\/\/muzeumpamiecitozsamosc.pl\/index.php\/2024\/06\/06\/zastepca-glownego-ksiegowego\/\" rel=\"prev\"><span class=\"post-navigation__arrow-wrapper post-navigation__arrow-prev\"><svg aria-hidden=\"true\" class=\"e-font-icon-svg e-fas-angle-left\" viewBox=\"0 0 256 512\" xmlns=\"http:\/\/www.w3.org\/2000\/svg\"><path d=\"M31.7 239l136-136c9.4-9.4 24.6-9.4 33.9 0l22.6 22.6c9.4 9.4 9.4 24.6 0 33.9L127.9 256l96.4 96.4c9.4 9.4 9.4 24.6 0 33.9L201.7 409c-9.4 9.4-24.6 9.4-33.9 0l-136-136c-9.5-9.4-9.5-24.6-.1-34z\"><\/path><\/svg><span class=\"elementor-screen-only\">Prev<\/span><\/span><span class=\"elementor-post-navigation__link__prev\"><span class=\"post-navigation__prev--label\">Poprzedni<\/span><span class=\"post-navigation__prev--title\">Zast\u0119pca G\u0142\u00f3wnego Ksi\u0119gowego<\/span><\/span><\/a>\t\t\t<\/div>\n\t\t\t\t\t\t\t<div class=\"elementor-post-navigation__separator-wrapper\">\n\t\t\t\t\t<div class=\"elementor-post-navigation__separator\"><\/div>\n\t\t\t\t<\/div>\n\t\t\t\t\t\t<div class=\"elementor-post-navigation__next elementor-post-navigation__link\">\n\t\t\t\t<a href=\"https:\/\/muzeumpamiecitozsamosc.pl\/index.php\/2024\/07\/15\/kierownik-dzialu-inwestycji-i-eksploatacji-ponowione\/\" rel=\"next\"><span class=\"elementor-post-navigation__link__next\"><span class=\"post-navigation__next--label\">Nast\u0119pny<\/span><span class=\"post-navigation__next--title\">Kierownik Dzia\u0142u Inwestycji i Eksploatacji &#8211; ponowione<\/span><\/span><span class=\"post-navigation__arrow-wrapper post-navigation__arrow-next\"><svg aria-hidden=\"true\" class=\"e-font-icon-svg e-fas-angle-right\" viewBox=\"0 0 256 512\" xmlns=\"http:\/\/www.w3.org\/2000\/svg\"><path d=\"M224.3 273l-136 136c-9.4 9.4-24.6 9.4-33.9 0l-22.6-22.6c-9.4-9.4-9.4-24.6 0-33.9l96.4-96.4-96.4-96.4c-9.4-9.4-9.4-24.6 0-33.9L54.3 103c9.4-9.4 24.6-9.4 33.9 0l136 136c9.5 9.4 9.5 24.6.1 34z\"><\/path><\/svg><span class=\"elementor-screen-only\">Nast\u0119pny<\/span><\/span><\/a>\t\t\t<\/div>\n\t\t<\/div>\n\t\t\t\t\t\t<\/div>\n\t\t\t\t<\/div>\n\t\t\t\t\t<\/div>\n\t\t\t\t<\/div>\n\t\t\t\t<\/div>\n\t\t","protected":false},"excerpt":{"rendered":"<p>Nab\u00f3r zako\u0144czony wyborem kandydata: Pani Beata Sakowicz Termin sk\u0142adania aplikacji: 26.07.2024r. Muzeum \u201ePami\u0119\u0107 i To\u017csamo\u015b\u0107\u201d im. \u015bw. Jana Paw\u0142a II (w organizacji) Zaprasza do rekrutacji na stanowisko: STARSZY SPECJALISTA DS. OBS\u0141UGI KASOWEJ Wymiar etatu: 0,5&nbsp; Miejsce pracy: Muzeum \u201ePami\u0119\u0107 i To\u017csamo\u015b\u0107\u201d im. \u015bw. Jana Paw\u0142a II w Toruniu OPIS STANOWISKA: * sprzeda\u017c bilet\u00f3w w kasie [&hellip;]<\/p>\n","protected":false},"author":3,"featured_media":0,"comment_status":"closed","ping_status":"open","sticky":false,"template":"","format":"standard","meta":{"_acf_changed":false,"footnotes":""},"categories":[26],"tags":[],"class_list":["post-2072","post","type-post","status-publish","format-standard","hentry","category-archiwum-2024"],"acf":[],"_links":{"self":[{"href":"https:\/\/muzeumpamiecitozsamosc.pl\/index.php\/wp-json\/wp\/v2\/posts\/2072","targetHints":{"allow":["GET"]}}],"collection":[{"href":"https:\/\/muzeumpamiecitozsamosc.pl\/index.php\/wp-json\/wp\/v2\/posts"}],"about":[{"href":"https:\/\/muzeumpamiecitozsamosc.pl\/index.php\/wp-json\/wp\/v2\/types\/post"}],"author":[{"embeddable":true,"href":"https:\/\/muzeumpamiecitozsamosc.pl\/index.php\/wp-json\/wp\/v2\/users\/3"}],"replies":[{"embeddable":true,"href":"https:\/\/muzeumpamiecitozsamosc.pl\/index.php\/wp-json\/wp\/v2\/comments?post=2072"}],"version-history":[{"count":22,"href":"https:\/\/muzeumpamiecitozsamosc.pl\/index.php\/wp-json\/wp\/v2\/posts\/2072\/revisions"}],"predecessor-version":[{"id":2157,"href":"https:\/\/muzeumpamiecitozsamosc.pl\/index.php\/wp-json\/wp\/v2\/posts\/2072\/revisions\/2157"}],"wp:attachment":[{"href":"https:\/\/muzeumpamiecitozsamosc.pl\/index.php\/wp-json\/wp\/v2\/media?parent=2072"}],"wp:term":[{"taxonomy":"category","embeddable":true,"href":"https:\/\/muzeumpamiecitozsamosc.pl\/index.php\/wp-json\/wp\/v2\/categories?post=2072"},{"taxonomy":"post_tag","embeddable":true,"href":"https:\/\/muzeumpamiecitozsamosc.pl\/index.php\/wp-json\/wp\/v2\/tags?post=2072"}],"curies":[{"name":"wp","href":"https:\/\/api.w.org\/{rel}","templated":true}]}}