{"id":2299,"date":"2024-09-17T23:14:55","date_gmt":"2024-09-17T21:14:55","guid":{"rendered":"https:\/\/muzeumpamiecitozsamosc.pl\/?p=2299"},"modified":"2024-09-20T09:20:57","modified_gmt":"2024-09-20T07:20:57","slug":"bajkowe-hity-w-naszym-muzeum-zaspiewajcie-razem-z-julia-kozlowska","status":"publish","type":"post","link":"https:\/\/muzeumpamiecitozsamosc.pl\/index.php\/2024\/09\/17\/bajkowe-hity-w-naszym-muzeum-zaspiewajcie-razem-z-julia-kozlowska\/","title":{"rendered":"Bajkowe hity w naszym Muzeum. Za\u015bpiewajcie razem z Juli\u0105 Koz\u0142owsk\u0105"},"content":{"rendered":"\n<p>To b\u0119dzie niezapomniane popo\u0142udnie dla wszystkim milusi\u0144skich! Najwi\u0119ksze bajkowe i filmowe hity! W\u015br\u00f3d nich muzyka, znana m.in. z \u201eKrainy lodu\u201d,\u201eVaian\u201d, \u201eZwierzogrodu\u201d, \u201eAkademii Pana Kleksa\u201d, czy \u201eMa\u0142ej syrenki\u201d w wykonaniu gwiazdy m\u0142odego pokolenia, Julii Koz\u0142owskiej. Kiedy? Ju\u017c w niedziel\u0119, 29 wrze\u015bnia o godzinie 15:00! Zapraszamy do naszego Muzeum. Zaraz po koncercie Julia Koz\u0142owska zaprosi na warsztaty wokalne. Dzieci popracuj\u0105 nad oddechem, dowiedz\u0105 si\u0119 czym jest przepona i jak z niej korzysta\u0107. A jak mowa o przeponie, to pozwolimy te\u017c dzieciom pokrzycze\u0107 w Muzeum, z przepony oczywi\u015bcie, z dba\u0142o\u015bci\u0105 o ich struny g\u0142osowe. B\u0119dzie wsp\u00f3lne \u015bpiewanie, wcze\u015bniej roz\u015bpiewka, a nawet bitwa na g\u0142osy.<\/p>\n\n\n\n<figure class=\"wp-block-image aligncenter size-large\"><img fetchpriority=\"high\" decoding=\"async\" width=\"1024\" height=\"1024\" src=\"https:\/\/muzeumpamiecitozsamosc.pl\/wp-content\/uploads\/2024\/09\/Projekt-bez-nazwy-2-1024x1024.png\" alt=\"\" class=\"wp-image-2331\" srcset=\"https:\/\/muzeumpamiecitozsamosc.pl\/wp-content\/uploads\/2024\/09\/Projekt-bez-nazwy-2-1024x1024.png 1024w, https:\/\/muzeumpamiecitozsamosc.pl\/wp-content\/uploads\/2024\/09\/Projekt-bez-nazwy-2-300x300.png 300w, https:\/\/muzeumpamiecitozsamosc.pl\/wp-content\/uploads\/2024\/09\/Projekt-bez-nazwy-2-150x150.png 150w, https:\/\/muzeumpamiecitozsamosc.pl\/wp-content\/uploads\/2024\/09\/Projekt-bez-nazwy-2-768x768.png 768w, https:\/\/muzeumpamiecitozsamosc.pl\/wp-content\/uploads\/2024\/09\/Projekt-bez-nazwy-2.png 1080w\" sizes=\"(max-width: 1024px) 100vw, 1024px\" \/><\/figure>\n\n\n\n<p>D\u017awi\u0119ki muzyki maj\u0105 niezwyk\u0142\u0105 moc, potrafi\u0105 poruszy\u0107 najtwardsze struny i dotkn\u0105\u0107 tych najdelikatniejszych w sercu. Muzyka wp\u0142ywa na wyobra\u017ani\u0119, maluje pe\u0142ne emocji obrazy w umys\u0142ach, kszta\u0142tuje wra\u017cliwo\u015b\u0107, wyostrza zmys\u0142y i ma dobroczynny wp\u0142yw na samopoczucie. Muzyka i \u015bpiew to w ko\u0144cu jedne z najbardziej spontanicznych, bezpo\u015brednich i emocjonalnych form wyrazu, to te\u017c pot\u0119\u017cne narz\u0119dzie pomocne w komunikacji i budowaniu pewno\u015bci siebie.<\/p>\n\n\n\n<figure class=\"wp-block-image aligncenter size-large\"><img decoding=\"async\" width=\"1024\" height=\"1024\" src=\"https:\/\/muzeumpamiecitozsamosc.pl\/wp-content\/uploads\/2024\/09\/Projekt-bez-nazwy-1-1024x1024.png\" alt=\"\" class=\"wp-image-2330\" srcset=\"https:\/\/muzeumpamiecitozsamosc.pl\/wp-content\/uploads\/2024\/09\/Projekt-bez-nazwy-1-1024x1024.png 1024w, https:\/\/muzeumpamiecitozsamosc.pl\/wp-content\/uploads\/2024\/09\/Projekt-bez-nazwy-1-300x300.png 300w, https:\/\/muzeumpamiecitozsamosc.pl\/wp-content\/uploads\/2024\/09\/Projekt-bez-nazwy-1-150x150.png 150w, https:\/\/muzeumpamiecitozsamosc.pl\/wp-content\/uploads\/2024\/09\/Projekt-bez-nazwy-1-768x768.png 768w, https:\/\/muzeumpamiecitozsamosc.pl\/wp-content\/uploads\/2024\/09\/Projekt-bez-nazwy-1.png 1080w\" sizes=\"(max-width: 1024px) 100vw, 1024px\" \/><\/figure>\n\n\n\n<p><br>Dlatego z wielk\u0105 rado\u015bci\u0105 zapraszamy ma\u0142ych i du\u017cych na wyj\u0105tkowe wydarzenie muzyczne po\u0142\u0105czone z warsztatami wokalnymi i warsztatami plastycznymi. A zaczniemy od koncertu, kt\u00f3ry rozbuja wszystkich. Us\u0142yszymy dzieci\u0119ce hity z bajek i film\u00f3w, takich jak \u201eKraina lodu\u201d, \u201eVaiana\u201d, \u201eZwierzogr\u00f3d\u201d, \u201eAkademia Pana Kleksa\u201d, \u201eMa\u0142a syrenka\u201d i innych. Koncert to doskona\u0142e preludium do dalszej aktywno\u015bci, dlatego tu\u017c po koncercie zapraszamy na warsztaty wokalne z Juli\u0105 Koz\u0142owsk\u0105 i jej zespo\u0142em. Dzieci kochaj\u0105 ruch, wi\u0119c b\u0119dzie te\u017c du\u017co ruchu scenicznego, ta\u0144ca i naturalnej ekspresji. Na koniec wsp\u00f3lne \u015bpiewanie z zespo\u0142em. My\u015blicie, \u017ce to koniec atrakcji, ot\u00f3\u017c nie. Na deser, dla najwytrwalszych przygotowali\u015bmy kolejny punkt na artystycznej mapie &#8211; warsztat plastyczny pn. \u201eDary jesieni\u201d, podczas kt\u00f3rego dzieci b\u0119d\u0105 mog\u0142y stworzy\u0107 jesienne stroiki i wianki pod okiem wykwalifikowanych animator\u00f3w.<\/p>\n\n\n\n<figure class=\"wp-block-image aligncenter size-large\"><img decoding=\"async\" width=\"1024\" height=\"1024\" src=\"https:\/\/muzeumpamiecitozsamosc.pl\/wp-content\/uploads\/2024\/09\/Projekt-bez-nazwy-3-1024x1024.png\" alt=\"\" class=\"wp-image-2332\" srcset=\"https:\/\/muzeumpamiecitozsamosc.pl\/wp-content\/uploads\/2024\/09\/Projekt-bez-nazwy-3-1024x1024.png 1024w, https:\/\/muzeumpamiecitozsamosc.pl\/wp-content\/uploads\/2024\/09\/Projekt-bez-nazwy-3-300x300.png 300w, https:\/\/muzeumpamiecitozsamosc.pl\/wp-content\/uploads\/2024\/09\/Projekt-bez-nazwy-3-150x150.png 150w, https:\/\/muzeumpamiecitozsamosc.pl\/wp-content\/uploads\/2024\/09\/Projekt-bez-nazwy-3-768x768.png 768w, https:\/\/muzeumpamiecitozsamosc.pl\/wp-content\/uploads\/2024\/09\/Projekt-bez-nazwy-3.png 1080w\" sizes=\"(max-width: 1024px) 100vw, 1024px\" \/><\/figure>\n\n\n\n<p>Bilety w cenie 25 i 15 z\u0142 dost\u0119pne w kasach i na naszej stronie <a>bilety.muzeumpamiecitozsamosc.pl<\/a>. Zapraszamy! <\/p>\n","protected":false},"excerpt":{"rendered":"<p>To b\u0119dzie niezapomniane popo\u0142udnie dla wszystkim milusi\u0144skich! Najwi\u0119ksze bajkowe i filmowe hity! W\u015br\u00f3d nich muzyka, znana m.in. z \u201eKrainy lodu\u201d,\u201eVaian\u201d, \u201eZwierzogrodu\u201d, \u201eAkademii Pana Kleksa\u201d, czy \u201eMa\u0142ej syrenki\u201d w wykonaniu gwiazdy m\u0142odego pokolenia, Julii Koz\u0142owskiej. Kiedy? Ju\u017c w niedziel\u0119, 29 wrze\u015bnia o godzinie 15:00! Zapraszamy do naszego Muzeum. Zaraz po koncercie Julia Koz\u0142owska zaprosi na warsztaty [&hellip;]<\/p>\n","protected":false},"author":1,"featured_media":2329,"comment_status":"closed","ping_status":"closed","sticky":false,"template":"","format":"standard","meta":{"_acf_changed":false,"footnotes":""},"categories":[6],"tags":[],"class_list":["post-2299","post","type-post","status-publish","format-standard","has-post-thumbnail","hentry","category-aktualnosci"],"acf":[],"_links":{"self":[{"href":"https:\/\/muzeumpamiecitozsamosc.pl\/index.php\/wp-json\/wp\/v2\/posts\/2299","targetHints":{"allow":["GET"]}}],"collection":[{"href":"https:\/\/muzeumpamiecitozsamosc.pl\/index.php\/wp-json\/wp\/v2\/posts"}],"about":[{"href":"https:\/\/muzeumpamiecitozsamosc.pl\/index.php\/wp-json\/wp\/v2\/types\/post"}],"author":[{"embeddable":true,"href":"https:\/\/muzeumpamiecitozsamosc.pl\/index.php\/wp-json\/wp\/v2\/users\/1"}],"replies":[{"embeddable":true,"href":"https:\/\/muzeumpamiecitozsamosc.pl\/index.php\/wp-json\/wp\/v2\/comments?post=2299"}],"version-history":[{"count":6,"href":"https:\/\/muzeumpamiecitozsamosc.pl\/index.php\/wp-json\/wp\/v2\/posts\/2299\/revisions"}],"predecessor-version":[{"id":2334,"href":"https:\/\/muzeumpamiecitozsamosc.pl\/index.php\/wp-json\/wp\/v2\/posts\/2299\/revisions\/2334"}],"wp:featuredmedia":[{"embeddable":true,"href":"https:\/\/muzeumpamiecitozsamosc.pl\/index.php\/wp-json\/wp\/v2\/media\/2329"}],"wp:attachment":[{"href":"https:\/\/muzeumpamiecitozsamosc.pl\/index.php\/wp-json\/wp\/v2\/media?parent=2299"}],"wp:term":[{"taxonomy":"category","embeddable":true,"href":"https:\/\/muzeumpamiecitozsamosc.pl\/index.php\/wp-json\/wp\/v2\/categories?post=2299"},{"taxonomy":"post_tag","embeddable":true,"href":"https:\/\/muzeumpamiecitozsamosc.pl\/index.php\/wp-json\/wp\/v2\/tags?post=2299"}],"curies":[{"name":"wp","href":"https:\/\/api.w.org\/{rel}","templated":true}]}}