{"id":2465,"date":"2024-10-10T00:47:19","date_gmt":"2024-10-09T22:47:19","guid":{"rendered":"https:\/\/muzeumpamiecitozsamosc.pl\/?p=2465"},"modified":"2024-10-14T13:54:55","modified_gmt":"2024-10-14T11:54:55","slug":"show-taneczno-akrobatyczne-prometeusz-13-10-1700","status":"publish","type":"post","link":"https:\/\/muzeumpamiecitozsamosc.pl\/index.php\/2024\/10\/10\/show-taneczno-akrobatyczne-prometeusz-13-10-1700\/","title":{"rendered":"SHOW TANECZNO &#8211; AKROBATYCZNE \/\/ &#8222;PROMETEUSZ&#8221; \/\/ 13.10 &#8211; 17:00"},"content":{"rendered":"\n<p>Ju\u017c w najbli\u017csz\u0105 niedziel\u0119, 13 pa\u017adziernika o 17:00 w toru\u0144skim Muzeum \u201cPami\u0119\u0107 i<br>To\u017csamo\u015b\u0107\u201d zapieraj\u0105ce dech w piersiach widowisko, kt\u00f3re &#8211; nie tylko w Polsce &#8211; gromadzi<br>pe\u0142ne teatry i sale widowiskowe. Zachwycaj\u0105cy rozmachem i artyzmem \u201ePrometeusz\u201d, czyli<br>taneczno-akrobatyczne show, kt\u00f3re przenosi widza w magiczny \u015bwiat staro\u017cytnej Grecji. Po<br>mistrzowsku skrojony spektakl \u0142\u0105czy imponuj\u0105ce elementy akrobacji, poruszaj\u0105cego ta\u0144ca,<br>teatru cieni i hipnotyzuj\u0105cej muzyki. To wi\u0119c ni\u017c spektakl, to historia o ponadczasowej i<br>uniwersalnej tre\u015bci, to podr\u00f3\u017c do pocz\u0105tk\u00f3w ludzko\u015bci.<\/p>\n\n\n\n<figure class=\"wp-block-image aligncenter size-large\"><img fetchpriority=\"high\" decoding=\"async\" width=\"1024\" height=\"576\" src=\"https:\/\/muzeumpamiecitozsamosc.pl\/wp-content\/uploads\/2024\/10\/PROMETEUSZ-1024x576.png\" alt=\"\" class=\"wp-image-2466\" srcset=\"https:\/\/muzeumpamiecitozsamosc.pl\/wp-content\/uploads\/2024\/10\/PROMETEUSZ-1024x576.png 1024w, https:\/\/muzeumpamiecitozsamosc.pl\/wp-content\/uploads\/2024\/10\/PROMETEUSZ-300x169.png 300w, https:\/\/muzeumpamiecitozsamosc.pl\/wp-content\/uploads\/2024\/10\/PROMETEUSZ-768x432.png 768w, https:\/\/muzeumpamiecitozsamosc.pl\/wp-content\/uploads\/2024\/10\/PROMETEUSZ-1536x864.png 1536w, https:\/\/muzeumpamiecitozsamosc.pl\/wp-content\/uploads\/2024\/10\/PROMETEUSZ.png 1920w\" sizes=\"(max-width: 1024px) 100vw, 1024px\" \/><\/figure>\n\n\n\n<p><br>Odwieczna walka dobra ze z\u0142em. Odwagi i po\u015bwi\u0119cenia. Mi\u0142o\u015bci i \u015bmierci. Oparty na kanwie<br>mitu o Prometeuszu spektakl ju\u017c od pierwszych chwil przykuwa uwag\u0119 widz\u00f3w. To dramat,<br>w kt\u00f3rym aktorzy, bez s\u0142\u00f3w, unosz\u0105 widz\u00f3w w metaforyczn\u0105 podr\u00f3\u017c o pocz\u0105tkach ludzko\u015bci.<br>Spektakularne widowisko rozpoczynaj\u0105 narodziny ulepionego z gliny i \u0142ez cz\u0142owieka.<br>Symboliczny moment jego unoszenia si\u0119 ku niebiosom, przenosi widza do staro\u017cytnej Grecji<br>i daje pocz\u0105tek niebywa\u0142ej wr\u0119cz podr\u00f3\u017cy do mitologicznych pocz\u0105tk\u00f3w istnienia. Arty\u015bci na<br>scenie opowiadaj\u0105 histori\u0119 ta\u0144cem, ruchem, pantomim\u0105, teatrem cieni i mistrzowskimi<br>akrobacjami.<\/p>\n\n\n\n<figure class=\"wp-block-image aligncenter size-large\"><img decoding=\"async\" width=\"1024\" height=\"576\" src=\"https:\/\/muzeumpamiecitozsamosc.pl\/wp-content\/uploads\/2024\/10\/Prometeusz_1-1024x576.png\" alt=\"\" class=\"wp-image-2467\" srcset=\"https:\/\/muzeumpamiecitozsamosc.pl\/wp-content\/uploads\/2024\/10\/Prometeusz_1-1024x576.png 1024w, https:\/\/muzeumpamiecitozsamosc.pl\/wp-content\/uploads\/2024\/10\/Prometeusz_1-300x169.png 300w, https:\/\/muzeumpamiecitozsamosc.pl\/wp-content\/uploads\/2024\/10\/Prometeusz_1-768x432.png 768w, https:\/\/muzeumpamiecitozsamosc.pl\/wp-content\/uploads\/2024\/10\/Prometeusz_1-1536x864.png 1536w, https:\/\/muzeumpamiecitozsamosc.pl\/wp-content\/uploads\/2024\/10\/Prometeusz_1.png 1920w\" sizes=\"(max-width: 1024px) 100vw, 1024px\" \/><\/figure>\n\n\n\n<p><br>Producentami spektaklu s\u0105 Strefa Kultury Wroc\u0142aw przy wsp\u00f3\u0142pracy z Everest Production.<br>Za scenariusz, re\u017cyseri\u0119, scenografi\u0119 oraz adaptacj\u0119 muzyczn\u0105 odpowiada Kamil J.<br>Przybo\u015b. Za choreografi\u0119 &#8211; Maja Lewicka. Autorskie kompozycje El\u017cbiety Soko\u0142owskiej<br>prezentuje na scenie kilkudziesi\u0119ciu artyst\u00f3w &#8211; ch\u00f3rzystek Wroclove Musical Choir oraz<br>Orkiestry Kameralnej Silesian Art Collective.<\/p>\n\n\n\n<figure class=\"wp-block-image size-large\"><img decoding=\"async\" width=\"1024\" height=\"576\" src=\"https:\/\/muzeumpamiecitozsamosc.pl\/wp-content\/uploads\/2024\/10\/Prometeusz_3-1024x576.png\" alt=\"\" class=\"wp-image-2468\" srcset=\"https:\/\/muzeumpamiecitozsamosc.pl\/wp-content\/uploads\/2024\/10\/Prometeusz_3-1024x576.png 1024w, https:\/\/muzeumpamiecitozsamosc.pl\/wp-content\/uploads\/2024\/10\/Prometeusz_3-300x169.png 300w, https:\/\/muzeumpamiecitozsamosc.pl\/wp-content\/uploads\/2024\/10\/Prometeusz_3-768x432.png 768w, https:\/\/muzeumpamiecitozsamosc.pl\/wp-content\/uploads\/2024\/10\/Prometeusz_3-1536x864.png 1536w, https:\/\/muzeumpamiecitozsamosc.pl\/wp-content\/uploads\/2024\/10\/Prometeusz_3.png 1920w\" sizes=\"(max-width: 1024px) 100vw, 1024px\" \/><\/figure>\n\n\n\n<p>Nie spos\u00f3b opisa\u0107 tego widowiska s\u0142owami. To trzeba zobaczy\u0107. Okazja ju\u017c w najbli\u017csz\u0105<br>niedziel\u0119, w sali widowiskowej Muzeum \u201cPami\u0119\u0107 i To\u017csamo\u015b\u0107\u201d w Toruniu przy Drodze<br>Starotoru\u0144skiej 1a. <\/p>\n\n\n\n<figure class=\"wp-block-video aligncenter\"><video controls src=\"https:\/\/muzeumpamiecitozsamosc.pl\/wp-content\/uploads\/2024\/10\/video_1_7ea9b518fbcf48d18bb3f7b9f1874e9b.mp4\"><\/video><\/figure>\n\n\n\n<p><strong>Bilety dost\u0119pne s\u0105 w kasach muzeum oraz na stronach internetowych: <br><a href=\"https:\/\/bilety.muzeumpamiecitozsamosc.pl\/rezerwacja\/numerowane.html?id=707&amp;idt=ae4270ad253a415b86af6fb408f31414&amp;d=3&amp;idw=20\" data-type=\"link\" data-id=\"https:\/\/bilety.muzeumpamiecitozsamosc.pl\/rezerwacja\/termin.html?idl=0&amp;idg=0&amp;idw=20\">bilety.muzeumpamiecitozsamosc.pl<\/a><\/strong><\/p>\n\n\n\n<p><\/p>\n","protected":false},"excerpt":{"rendered":"<p>Widowisko, kt\u00f3re gromadzi t\u0142umy! \u201cPrometeusz\u201d ju\u017c niedziel\u0119, w toru\u0144skim Muzeum \u201cPami\u0119\u0107 i To\u017csamo\u015b\u0107\u201d<\/p>\n","protected":false},"author":1,"featured_media":2466,"comment_status":"closed","ping_status":"closed","sticky":false,"template":"","format":"standard","meta":{"_acf_changed":false,"footnotes":""},"categories":[7],"tags":[],"class_list":["post-2465","post","type-post","status-publish","format-standard","has-post-thumbnail","hentry","category-wydarzenia"],"acf":[],"_links":{"self":[{"href":"https:\/\/muzeumpamiecitozsamosc.pl\/index.php\/wp-json\/wp\/v2\/posts\/2465","targetHints":{"allow":["GET"]}}],"collection":[{"href":"https:\/\/muzeumpamiecitozsamosc.pl\/index.php\/wp-json\/wp\/v2\/posts"}],"about":[{"href":"https:\/\/muzeumpamiecitozsamosc.pl\/index.php\/wp-json\/wp\/v2\/types\/post"}],"author":[{"embeddable":true,"href":"https:\/\/muzeumpamiecitozsamosc.pl\/index.php\/wp-json\/wp\/v2\/users\/1"}],"replies":[{"embeddable":true,"href":"https:\/\/muzeumpamiecitozsamosc.pl\/index.php\/wp-json\/wp\/v2\/comments?post=2465"}],"version-history":[{"count":2,"href":"https:\/\/muzeumpamiecitozsamosc.pl\/index.php\/wp-json\/wp\/v2\/posts\/2465\/revisions"}],"predecessor-version":[{"id":2474,"href":"https:\/\/muzeumpamiecitozsamosc.pl\/index.php\/wp-json\/wp\/v2\/posts\/2465\/revisions\/2474"}],"wp:featuredmedia":[{"embeddable":true,"href":"https:\/\/muzeumpamiecitozsamosc.pl\/index.php\/wp-json\/wp\/v2\/media\/2466"}],"wp:attachment":[{"href":"https:\/\/muzeumpamiecitozsamosc.pl\/index.php\/wp-json\/wp\/v2\/media?parent=2465"}],"wp:term":[{"taxonomy":"category","embeddable":true,"href":"https:\/\/muzeumpamiecitozsamosc.pl\/index.php\/wp-json\/wp\/v2\/categories?post=2465"},{"taxonomy":"post_tag","embeddable":true,"href":"https:\/\/muzeumpamiecitozsamosc.pl\/index.php\/wp-json\/wp\/v2\/tags?post=2465"}],"curies":[{"name":"wp","href":"https:\/\/api.w.org\/{rel}","templated":true}]}}