{"id":2613,"date":"2024-10-17T22:04:03","date_gmt":"2024-10-17T20:04:03","guid":{"rendered":"https:\/\/muzeumpamiecitozsamosc.pl\/?p=2613"},"modified":"2025-02-18T13:45:48","modified_gmt":"2025-02-18T12:45:48","slug":"kierownik-dzialu-ds-edukacji-i-wydarzen-kulturalnych","status":"publish","type":"post","link":"https:\/\/muzeumpamiecitozsamosc.pl\/index.php\/2024\/10\/17\/kierownik-dzialu-ds-edukacji-i-wydarzen-kulturalnych\/","title":{"rendered":"Kierownik Dzia\u0142u ds. Edukacji i Wydarze\u0144 Kulturalnych"},"content":{"rendered":"\t\t<div data-elementor-type=\"wp-post\" data-elementor-id=\"2613\" class=\"elementor elementor-2613\" data-elementor-post-type=\"post\">\n\t\t\t\t<div class=\"elementor-element elementor-element-7c704fc e-flex e-con-boxed e-con e-parent\" data-id=\"7c704fc\" data-element_type=\"container\">\n\t\t\t\t\t<div class=\"e-con-inner\">\n\t\t\t\t<div class=\"elementor-element elementor-element-a458b2c elementor-widget elementor-widget-text-editor\" data-id=\"a458b2c\" data-element_type=\"widget\" data-widget_type=\"text-editor.default\">\n\t\t\t\t<div class=\"elementor-widget-container\">\n\t\t\t\t\t\t\t\t\t<p><span style=\"color: #339966;\">Nab\u00f3r zako\u0144czony wyborem kandydata: Anna \u0141ukaszewska<\/span><\/p>\t\t\t\t\t\t\t\t<\/div>\n\t\t\t\t<\/div>\n\t\t\t\t\t<\/div>\n\t\t\t\t<\/div>\n\t\t<div class=\"elementor-element elementor-element-f12c7df e-flex e-con-boxed e-con e-parent\" data-id=\"f12c7df\" data-element_type=\"container\" data-settings=\"{&quot;background_background&quot;:&quot;classic&quot;}\">\n\t\t\t\t\t<div class=\"e-con-inner\">\n\t\t<div class=\"elementor-element elementor-element-c8e64b9 e-con-full e-flex e-con e-child\" data-id=\"c8e64b9\" data-element_type=\"container\">\n\t\t\t\t<div class=\"elementor-element elementor-element-137ffe7 elementor-widget__width-auto elementor-widget elementor-widget-text-editor\" data-id=\"137ffe7\" data-element_type=\"widget\" data-widget_type=\"text-editor.default\">\n\t\t\t\t<div class=\"elementor-widget-container\">\n\t\t\t\t\t\t\t\t\t<p>Termin sk\u0142adania aplikacji:<\/p>\t\t\t\t\t\t\t\t<\/div>\n\t\t\t\t<\/div>\n\t\t\t\t<div class=\"elementor-element elementor-element-1bd5037 elementor-widget elementor-widget-text-editor\" data-id=\"1bd5037\" data-element_type=\"widget\" data-widget_type=\"text-editor.default\">\n\t\t\t\t<div class=\"elementor-widget-container\">\n\t\t\t\t\t\t\t\t\t<p>31.10.2024r.<\/p>\t\t\t\t\t\t\t\t<\/div>\n\t\t\t\t<\/div>\n\t\t\t\t<\/div>\n\t\t<div class=\"elementor-element elementor-element-08c0331 e-con-full e-flex e-con e-child\" data-id=\"08c0331\" data-element_type=\"container\">\n\t\t\t\t<div class=\"elementor-element elementor-element-a236cfc elementor-widget__width-auto elementor-widget elementor-widget-text-editor\" data-id=\"a236cfc\" data-element_type=\"widget\" data-widget_type=\"text-editor.default\">\n\t\t\t\t<div class=\"elementor-widget-container\">\n\t\t\t\t\t\t\t\t\t<p>dokumenty nale\u017cy dostarczy\u0107 w zamkni\u0119tej kopercie do dnia 31.10.2024r.<\/p><p>poczt\u0105 na adres: Muzeum Pami\u0119\u0107 i To\u017csamo\u015b\u0107 im. \u015bw. Jana Paw\u0142a II ul. Droga Starotoru\u0144ska 3, 87-100 Toru\u0144 (decyduje data faktycznego wp\u0142ywu do Muzeum).<\/p>\t\t\t\t\t\t\t\t<\/div>\n\t\t\t\t<\/div>\n\t\t\t\t<\/div>\n\t\t\t\t\t<\/div>\n\t\t\t\t<\/div>\n\t\t<div class=\"elementor-element elementor-element-e212222 e-flex e-con-boxed e-con e-parent\" data-id=\"e212222\" data-element_type=\"container\" data-settings=\"{&quot;background_background&quot;:&quot;classic&quot;}\">\n\t\t\t\t\t<div class=\"e-con-inner\">\n\t\t\t\t<div class=\"elementor-element elementor-element-ff91534 elementor-widget elementor-widget-heading\" data-id=\"ff91534\" data-element_type=\"widget\" data-widget_type=\"heading.default\">\n\t\t\t\t<div class=\"elementor-widget-container\">\n\t\t\t\t\t<h4 class=\"elementor-heading-title elementor-size-default\">Muzeum \u201ePami\u0119\u0107 i To\u017csamo\u015b\u0107\u201d im. \u015bw. Jana Paw\u0142a II (w organizacji)\n\nZaprasza do rekrutacji na stanowisko:\n\nKierownik Dzia\u0142u ds. Edukacji i Wydarze\u0144 Kulturalnych<\/h4>\t\t\t\t<\/div>\n\t\t\t\t<\/div>\n\t\t\t\t\t<\/div>\n\t\t\t\t<\/div>\n\t\t<div class=\"elementor-element elementor-element-5e3e471 e-flex e-con-boxed e-con e-parent\" data-id=\"5e3e471\" data-element_type=\"container\">\n\t\t\t\t\t<div class=\"e-con-inner\">\n\t\t\t\t<div class=\"elementor-element elementor-element-fd473aa elementor-widget elementor-widget-text-editor\" data-id=\"fd473aa\" data-element_type=\"widget\" data-widget_type=\"text-editor.default\">\n\t\t\t\t<div class=\"elementor-widget-container\">\n\t\t\t\t\t\t\t\t\t<section class=\"wide\">\n<article>\n<p><strong>Miejsce pracy:<\/strong>&nbsp;<strong>Muzeum \u201ePami\u0119\u0107 i To\u017csamo\u015b\u0107\u201d im. \u015bw. Jana Paw\u0142a II w Toruniu<\/strong><\/p>\n<p><strong>OPIS STANOWISKA:<\/strong><\/p>\n<ul>\n<li>opracowywanie i wdra\u017canie koncepcji dzia\u0142a\u0144 edukacyjnych zgodnych z misj\u0105 i celami statutowymi Muzeum;<\/li>\n<li>inicjowanie, przygotowywanie i realizacja oferty edukacyjnej Muzeum skierowanej do r\u00f3\u017cnych grup odbiorc\u00f3w;<\/li>\n<li>opracowanie program\u00f3w edukacyjnych towarzysz\u0105cych wystawom sta\u0142ym i czasowym;<\/li>\n<li>przygotowywanie materia\u0142\u00f3w edukacyjnych i pomocy dydaktycznych;<\/li>\n<li>koordynacja spraw z zakresu dost\u0119pno\u015bci;<\/li>\n<li>inicjowanie, przygotowywanie oraz realizacja wydarze\u0144 kulturalnych i wystaw czasowych zgodnych z misj\u0105 i celami statutowymi Muzeum;<\/li>\n<li>opracowywanie d\u0142ugoterminowych i kr\u00f3tkoterminowych plan\u00f3w dzia\u0142ania;<\/li>\n<li>wsp\u00f3\u0142praca z instytucjami otoczenia spo\u0142ecznego w zakresie dzia\u0142alno\u015bci edukacyjnej i kulturalnej Muzeum;<\/li>\n<li>organizowanie pracy dzia\u0142u oraz zarz\u0105dzanie podleg\u0142ym zespo\u0142em pracownik\u00f3w;<\/li>\n<\/ul>\n<ul>\n<li>planowanie i zarz\u0105dzanie bud\u017cetem dzia\u0142u.<\/li>\n<\/ul>\n<p><strong>&nbsp;<\/strong><\/p>\n<p><strong>WYMAGANIA:<\/strong><\/p>\n<ul>\n<li>wykszta\u0142cenie wy\u017csze pedagogiczne lub historyczne;<\/li>\n<li>co najmniej 5 letnie do\u015bwiadczenie pracy na stanowiskach kierowniczych w jednostkach administracji publicznej;<\/li>\n<li>do\u015bwiadczenie zawodowe w zakresie organizacji dzia\u0142alno\u015bci edukacyjnej; &nbsp;&nbsp;<\/li>\n<li>do\u015bwiadczenie w organizacji&nbsp; wydarze\u0144 skierowanych do r\u00f3\u017cnych grup odbiorc\u00f3w;<\/li>\n<li>umiej\u0119tno\u015b\u0107 organizacji pracy zespo\u0142u;<\/li>\n<li>umiej\u0119tno\u015b\u0107 budowania relacji z partnerami zewn\u0119trznymi;<\/li>\n<li>elastyczno\u015b\u0107 i umiej\u0119tno\u015b\u0107 pracy pod presj\u0105 czasu;<\/li>\n<li>swoboda wypowiedzi podczas wyst\u0105pie\u0144 publicznych<\/li>\n<li>dyspozycyjno\u015b\u0107<\/li>\n<\/ul>\n<p><strong style=\"color: var( --e-global-color-text ); font-family: var( --e-global-typography-text-font-family ), Sans-serif; text-align: var(--text-align); font-size: 1rem;\"><br>OFERUJEMY:<\/strong><\/p>\n<ul>\n<li>zatrudnienie na podstawie umowy o prac\u0119, w wymiarze pe\u0142nego etatu;<\/li>\n<li>dodatek za wieloletni\u0105 prac\u0119 w wysoko\u015bci o 5% do 20% wynagrodzenia zasadniczego, w zale\u017cno\u015bci od udokumentowanego sta\u017cu pracy;&nbsp;<\/li>\n<li>nagrody jubileuszowe;&nbsp;<\/li>\n<li>ciekaw\u0105 i inspiruj\u0105ca prac\u0119 w rozwijaj\u0105cej si\u0119 instytucji kultury;<\/li>\n<li>du\u017c\u0105 samodzielno\u015b\u0107 w powierzonym obszarze;&nbsp;<\/li>\n<li>udzia\u0142 w kszta\u0142towaniu pozytywnego wizerunku Muzeum.&nbsp;&nbsp;<\/li>\n<\/ul>\n<p><strong><br>WYMAGANE DOKUMENTY:<\/strong><\/p>\n<ul>\n<li>kopie dokument\u00f3w potwierdzaj\u0105cych spe\u0142nienie wymagania niezb\u0119dnego w zakresie wykszta\u0142cenia oraz do\u015bwiadczenia zawodowego;&nbsp;<\/li>\n<li>z\u0142o\u017cenie koncepcji pracy na stanowisku Kierownika dzia\u0142u ds. edukacji i wydarze\u0144 kulturalnych w Muzeum Pami\u0119\u0107 i To\u017csamo\u015b\u0107 im. \u015bw. Jana Paw\u0142a II <br>(w organizacji) \u2013 koncepcja napisana na maksymalnie 1500 s\u0142\u00f3w.<\/li>\n<li>list motywacyjny oraz CV \u2013 opatrzone w\u0142asnor\u0119cznym podpisem wraz z klauzul\u0105:<\/li>\n<\/ul>\n<p><em>\u201eWyra\u017cam zgod\u0119 na przetwarzanie moich danych osobowych zawartych w dokumentach aplikacyjnych dla cel\u00f3w prowadzonego przez Muzeum \u201ePami\u0119\u0107 i To\u017csamo\u015b\u0107\u201d im. \u015bw. Jana Paw\u0142a II procesu rekrutacji na stanowisko wskazane w og\u0142oszeniu. Zosta\u0142em\/Zosta\u0142am poinformowany\/poinformowana, \u017ce wyra\u017cenie zgody jest dobrowolne oraz \u017ce mam prawo do wycofania zgody w dowolnym momencie, a wycofanie zgody nie wp\u0142ywa na zgodno\u015b\u0107 z prawem przetwarzania, kt\u00f3rego dokonano na jej podstawie przed jej wycofaniem. Jednocze\u015bnie o\u015bwiadczam, \u017ce zapozna\u0142em\/zapozna\u0142am si\u0119 z klauzul\u0105 informacyjn\u0105 dotycz\u0105c\u0105 przetwarzania danych osobowych zgodnie z Rozporz\u0105dzeniem Parlamentu Europejskiego i Rady z dnia 27 kwietnia 2016 r., zamieszczon\u0105 na stronie internetowej Muzeum b\u0105d\u017a na portalu rekrutacyjnym, na kt\u00f3rym zamieszczone zosta\u0142o og\u0142oszenie o naborze\u201d.<\/em><\/p>\n<p><strong>Termin i miejsce sk\u0142adania dokument\u00f3w:&nbsp;<\/strong><\/p>\n<ul>\n<li>dokumenty nale\u017cy z\u0142o\u017cy\u0107 do dnia 31.10.2024 r.&nbsp;<\/li>\n<li>decyduje data wp\u0142ywu oferty do Muzeum&nbsp;<\/li>\n<li>dokumenty mo\u017cna z\u0142o\u017cy\u0107:<\/li>\n<\/ul>\n<p>w formie papierowej \u2013 osobi\u015bcie w zamkni\u0119tej kopercie lub przes\u0142a\u0107 poczt\u0105 na adres: Muzeum Pami\u0119\u0107 i To\u017csamo\u015b\u0107 im. \u015bw. Jana Paw\u0142a II ul. Droga Starotoru\u0144ska 3, 87-100 Toru\u0144;<\/p>\n<p>LUB<\/p>\n<p>w formie elektronicznej \u2013 na adres mailowy: rekrutacje@muzeumpamiecitozsamosc.pl&nbsp;<\/p>\n<ul>\n<li>Na kopercie b\u0105d\u017a w tytule maila prosimy o wpisanie: \u201eOferta pracy \u2013 Kierownik Dzia\u0142u ds. Edukacji i Wydarze\u0144 Kulturalnych\u201d.&nbsp;<\/li>\n<\/ul>\n<p><strong>&nbsp;<br>Procedura naboru:<\/strong><\/p>\n<ul>\n<li>Proces rekrutacji na wy\u017cej wymienione stanowisko b\u0119dzie dwuetapowy.<\/li>\n<li>I Etap \u2013 weryfikacja formalna nades\u0142anych ofert \u2013 do drugiego etapu zaproszeni zostan\u0105 kandydaci, kt\u00f3rzy spe\u0142niaj\u0105 wszystkie wymagania formalne.&nbsp;<\/li>\n<li>II Etap \u2013 rozmowa kwalifikacyjna.<\/li>\n<\/ul>\n<p>W przypadku zatrudnienia konieczne jest dostarczenie \u201e Zapytania o udzielenie informacji o osobie\u201d z Ministerstwa Sprawiedliwo\u015bci \u2013 Krajowego Rejestru Karnego na podstawie art. 21 ust. 3 ustawy z 13 maja 2016 r. o przeciwdzia\u0142aniu zagro\u017ceniom przest\u0119pczo\u015bci\u0105 na tle seksualnym i ochronie ma\u0142oletnich (Dz. U. z 2024 r. poz. 560).<\/p>\n<p><\/p>\n<p><strong>Dodatkowe informacje:<\/strong><\/p>\n<ul>\n<li>Aplikacje z\u0142o\u017cone po wskazanym terminie b\u0105d\u017a niekompletne, nie b\u0119d\u0105 rozpatrywane.&nbsp;<\/li>\n<li>Muzeum zastrzega sobie prawo odwo\u0142ania lub przed\u0142u\u017cenia procedury naboru w ka\u017cdym terminie.&nbsp;<\/li>\n<li>Muzeum zastrzega sobie prawo niewybrania \u017cadnego z kandydat\u00f3w.<\/li>\n<\/ul>\n<\/article>\n<\/section>\t\t\t\t\t\t\t\t<\/div>\n\t\t\t\t<\/div>\n\t\t\t\t<div class=\"elementor-element elementor-element-22f4896 elementor-widget-divider--view-line elementor-widget elementor-widget-divider\" data-id=\"22f4896\" data-element_type=\"widget\" data-widget_type=\"divider.default\">\n\t\t\t\t<div class=\"elementor-widget-container\">\n\t\t\t\t\t\t\t<div class=\"elementor-divider\">\n\t\t\t<span class=\"elementor-divider-separator\">\n\t\t\t\t\t\t<\/span>\n\t\t<\/div>\n\t\t\t\t\t\t<\/div>\n\t\t\t\t<\/div>\n\t\t\t\t<div class=\"elementor-element elementor-element-c61169c elementor-widget elementor-widget-text-editor\" data-id=\"c61169c\" data-element_type=\"widget\" data-widget_type=\"text-editor.default\">\n\t\t\t\t<div class=\"elementor-widget-container\">\n\t\t\t\t\t\t\t\t\t<p><strong>Aplikacje prosimy sk\u0142ada\u0107 pod adresem:<\/strong><\/p><p>Muzeum Pami\u0119\u0107 i To\u017csamo\u015b\u0107 im. \u015bw. Jana Paw\u0142a II<\/p><p>ul. Droga Starotoru\u0144ska 3, 87-100 Toru\u0144<br \/><br \/>lub e-mailowo: rekrutacja@muzeumpamiecitozsamosc.pl<\/p>\t\t\t\t\t\t\t\t<\/div>\n\t\t\t\t<\/div>\n\t\t\t\t\t<\/div>\n\t\t\t\t<\/div>\n\t\t<div class=\"elementor-element elementor-element-dae6d81 e-flex e-con-boxed e-con e-parent\" data-id=\"dae6d81\" data-element_type=\"container\">\n\t\t\t\t\t<div class=\"e-con-inner\">\n\t\t\t\t<div class=\"elementor-element elementor-element-be2cfd8 elementor-post-navigation-borders-yes elementor-widget elementor-widget-post-navigation\" data-id=\"be2cfd8\" data-element_type=\"widget\" data-widget_type=\"post-navigation.default\">\n\t\t\t\t<div class=\"elementor-widget-container\">\n\t\t\t\t\t\t\t<div class=\"elementor-post-navigation\" role=\"navigation\" aria-label=\"Nawigacja wpisu\">\n\t\t\t<div class=\"elementor-post-navigation__prev elementor-post-navigation__link\">\n\t\t\t\t<a href=\"https:\/\/muzeumpamiecitozsamosc.pl\/index.php\/2024\/09\/09\/kierownik-dzialu-naukowo-tworczego-2\/\" rel=\"prev\"><span class=\"post-navigation__arrow-wrapper post-navigation__arrow-prev\"><svg aria-hidden=\"true\" class=\"e-font-icon-svg e-fas-angle-left\" viewBox=\"0 0 256 512\" xmlns=\"http:\/\/www.w3.org\/2000\/svg\"><path d=\"M31.7 239l136-136c9.4-9.4 24.6-9.4 33.9 0l22.6 22.6c9.4 9.4 9.4 24.6 0 33.9L127.9 256l96.4 96.4c9.4 9.4 9.4 24.6 0 33.9L201.7 409c-9.4 9.4-24.6 9.4-33.9 0l-136-136c-9.5-9.4-9.5-24.6-.1-34z\"><\/path><\/svg><span class=\"elementor-screen-only\">Prev<\/span><\/span><span class=\"elementor-post-navigation__link__prev\"><span class=\"post-navigation__prev--label\">Poprzedni<\/span><span class=\"post-navigation__prev--title\">Kierownik Dzia\u0142u Naukowo-Tw\u00f3rczego<\/span><\/span><\/a>\t\t\t<\/div>\n\t\t\t\t\t\t\t<div class=\"elementor-post-navigation__separator-wrapper\">\n\t\t\t\t\t<div class=\"elementor-post-navigation__separator\"><\/div>\n\t\t\t\t<\/div>\n\t\t\t\t\t\t<div class=\"elementor-post-navigation__next elementor-post-navigation__link\">\n\t\t\t\t<a href=\"https:\/\/muzeumpamiecitozsamosc.pl\/index.php\/2024\/11\/15\/asystent-konserwatorski\/\" rel=\"next\"><span class=\"elementor-post-navigation__link__next\"><span class=\"post-navigation__next--label\">Nast\u0119pny<\/span><span class=\"post-navigation__next--title\">Asystent konserwatorski<\/span><\/span><span class=\"post-navigation__arrow-wrapper post-navigation__arrow-next\"><svg aria-hidden=\"true\" class=\"e-font-icon-svg e-fas-angle-right\" viewBox=\"0 0 256 512\" xmlns=\"http:\/\/www.w3.org\/2000\/svg\"><path d=\"M224.3 273l-136 136c-9.4 9.4-24.6 9.4-33.9 0l-22.6-22.6c-9.4-9.4-9.4-24.6 0-33.9l96.4-96.4-96.4-96.4c-9.4-9.4-9.4-24.6 0-33.9L54.3 103c9.4-9.4 24.6-9.4 33.9 0l136 136c9.5 9.4 9.5 24.6.1 34z\"><\/path><\/svg><span class=\"elementor-screen-only\">Nast\u0119pny<\/span><\/span><\/a>\t\t\t<\/div>\n\t\t<\/div>\n\t\t\t\t\t\t<\/div>\n\t\t\t\t<\/div>\n\t\t\t\t\t<\/div>\n\t\t\t\t<\/div>\n\t\t\t\t<\/div>\n\t\t","protected":false},"excerpt":{"rendered":"<p>Nab\u00f3r zako\u0144czony wyborem kandydata: Anna \u0141ukaszewska Termin sk\u0142adania aplikacji: 31.10.2024r. dokumenty nale\u017cy dostarczy\u0107 w zamkni\u0119tej kopercie do dnia 31.10.2024r. poczt\u0105 na adres: Muzeum Pami\u0119\u0107 i To\u017csamo\u015b\u0107 im. \u015bw. Jana Paw\u0142a II ul. Droga Starotoru\u0144ska 3, 87-100 Toru\u0144 (decyduje data faktycznego wp\u0142ywu do Muzeum). Muzeum \u201ePami\u0119\u0107 i To\u017csamo\u015b\u0107\u201d im. \u015bw. Jana Paw\u0142a II (w organizacji) Zaprasza [&hellip;]<\/p>\n","protected":false},"author":3,"featured_media":0,"comment_status":"closed","ping_status":"open","sticky":false,"template":"","format":"standard","meta":{"_acf_changed":false,"footnotes":""},"categories":[26],"tags":[],"class_list":["post-2613","post","type-post","status-publish","format-standard","hentry","category-archiwum-2024"],"acf":[],"_links":{"self":[{"href":"https:\/\/muzeumpamiecitozsamosc.pl\/index.php\/wp-json\/wp\/v2\/posts\/2613","targetHints":{"allow":["GET"]}}],"collection":[{"href":"https:\/\/muzeumpamiecitozsamosc.pl\/index.php\/wp-json\/wp\/v2\/posts"}],"about":[{"href":"https:\/\/muzeumpamiecitozsamosc.pl\/index.php\/wp-json\/wp\/v2\/types\/post"}],"author":[{"embeddable":true,"href":"https:\/\/muzeumpamiecitozsamosc.pl\/index.php\/wp-json\/wp\/v2\/users\/3"}],"replies":[{"embeddable":true,"href":"https:\/\/muzeumpamiecitozsamosc.pl\/index.php\/wp-json\/wp\/v2\/comments?post=2613"}],"version-history":[{"count":13,"href":"https:\/\/muzeumpamiecitozsamosc.pl\/index.php\/wp-json\/wp\/v2\/posts\/2613\/revisions"}],"predecessor-version":[{"id":2949,"href":"https:\/\/muzeumpamiecitozsamosc.pl\/index.php\/wp-json\/wp\/v2\/posts\/2613\/revisions\/2949"}],"wp:attachment":[{"href":"https:\/\/muzeumpamiecitozsamosc.pl\/index.php\/wp-json\/wp\/v2\/media?parent=2613"}],"wp:term":[{"taxonomy":"category","embeddable":true,"href":"https:\/\/muzeumpamiecitozsamosc.pl\/index.php\/wp-json\/wp\/v2\/categories?post=2613"},{"taxonomy":"post_tag","embeddable":true,"href":"https:\/\/muzeumpamiecitozsamosc.pl\/index.php\/wp-json\/wp\/v2\/tags?post=2613"}],"curies":[{"name":"wp","href":"https:\/\/api.w.org\/{rel}","templated":true}]}}