{"id":2767,"date":"2024-11-01T07:08:48","date_gmt":"2024-11-01T06:08:48","guid":{"rendered":"https:\/\/muzeumpamiecitozsamosc.pl\/?p=2767"},"modified":"2024-11-01T07:08:48","modified_gmt":"2024-11-01T06:08:48","slug":"1-listopada-muzeum-zamkniete","status":"publish","type":"post","link":"https:\/\/muzeumpamiecitozsamosc.pl\/index.php\/2024\/11\/01\/1-listopada-muzeum-zamkniete\/","title":{"rendered":"1 listopada muzeum zamkni\u0119te"},"content":{"rendered":"\n<p>Szanowni Pa\u0144stwo, 1 listopada, w Uroczysto\u015b\u0107 Wszystkich \u015awi\u0119tych Muzeum &#8222;Pami\u0119\u0107 i To\u017csamo\u015b\u0107&#8221; im. \u015bw. Jana Paw\u0142a II b\u0119dzie nieczynne. <\/p>\n\n\n\n<p>Zapraszamy Pa\u0144stwa od jutra, tj. od 2 listopada. Informacje o wydarzeniach znajdziecie Pa\u0144stwo na naszej stronie internetowej oraz w naszych mediach spo\u0142eczno\u015bciowych &#8211; na facebooku i instagramie. <\/p>\n","protected":false},"excerpt":{"rendered":"<p>Szanowni Pa\u0144stwo, 1 listopada, w Uroczysto\u015b\u0107 Wszystkich \u015awi\u0119tych Muzeum &#8222;Pami\u0119\u0107 i To\u017csamo\u015b\u0107&#8221; im. \u015bw. Jana Paw\u0142a II b\u0119dzie nieczynne. Zapraszamy Pa\u0144stwa od jutra, tj. od 2 listopada. Informacje o wydarzeniach znajdziecie Pa\u0144stwo na naszej stronie internetowej oraz w naszych mediach spo\u0142eczno\u015bciowych &#8211; na facebooku i instagramie.<\/p>\n","protected":false},"author":1,"featured_media":2768,"comment_status":"closed","ping_status":"closed","sticky":false,"template":"","format":"standard","meta":{"_acf_changed":false,"footnotes":""},"categories":[6],"tags":[],"class_list":["post-2767","post","type-post","status-publish","format-standard","has-post-thumbnail","hentry","category-aktualnosci"],"acf":[],"_links":{"self":[{"href":"https:\/\/muzeumpamiecitozsamosc.pl\/index.php\/wp-json\/wp\/v2\/posts\/2767","targetHints":{"allow":["GET"]}}],"collection":[{"href":"https:\/\/muzeumpamiecitozsamosc.pl\/index.php\/wp-json\/wp\/v2\/posts"}],"about":[{"href":"https:\/\/muzeumpamiecitozsamosc.pl\/index.php\/wp-json\/wp\/v2\/types\/post"}],"author":[{"embeddable":true,"href":"https:\/\/muzeumpamiecitozsamosc.pl\/index.php\/wp-json\/wp\/v2\/users\/1"}],"replies":[{"embeddable":true,"href":"https:\/\/muzeumpamiecitozsamosc.pl\/index.php\/wp-json\/wp\/v2\/comments?post=2767"}],"version-history":[{"count":1,"href":"https:\/\/muzeumpamiecitozsamosc.pl\/index.php\/wp-json\/wp\/v2\/posts\/2767\/revisions"}],"predecessor-version":[{"id":2769,"href":"https:\/\/muzeumpamiecitozsamosc.pl\/index.php\/wp-json\/wp\/v2\/posts\/2767\/revisions\/2769"}],"wp:featuredmedia":[{"embeddable":true,"href":"https:\/\/muzeumpamiecitozsamosc.pl\/index.php\/wp-json\/wp\/v2\/media\/2768"}],"wp:attachment":[{"href":"https:\/\/muzeumpamiecitozsamosc.pl\/index.php\/wp-json\/wp\/v2\/media?parent=2767"}],"wp:term":[{"taxonomy":"category","embeddable":true,"href":"https:\/\/muzeumpamiecitozsamosc.pl\/index.php\/wp-json\/wp\/v2\/categories?post=2767"},{"taxonomy":"post_tag","embeddable":true,"href":"https:\/\/muzeumpamiecitozsamosc.pl\/index.php\/wp-json\/wp\/v2\/tags?post=2767"}],"curies":[{"name":"wp","href":"https:\/\/api.w.org\/{rel}","templated":true}]}}