{"id":2783,"date":"2024-11-06T09:00:27","date_gmt":"2024-11-06T08:00:27","guid":{"rendered":"https:\/\/muzeumpamiecitozsamosc.pl\/?p=2783"},"modified":"2024-11-13T10:27:28","modified_gmt":"2024-11-13T09:27:28","slug":"balet-harnasie-01-12-1600","status":"publish","type":"post","link":"https:\/\/muzeumpamiecitozsamosc.pl\/index.php\/2024\/11\/06\/balet-harnasie-01-12-1600\/","title":{"rendered":"BALET \/\/ &#8222;HARNASIE&#8221; \/\/ 01.12 &#8211; 16:00"},"content":{"rendered":"\n<p>Ju\u017c 1 grudnia w naszym muzeum niezwyk\u0142e wydarzenie muzyczne. Balet &#8222;Harnasie&#8221; Karola Szymanowskiego w transkrypcji na dwa fortepiany w wykonaniu Joanny Doma\u0144skiej oraz Magdaleny Lisiak.<\/p>\n\n\n\n<p>\u015awiat muzyczny uznaje balet \u201eHarnasie\u201d Karola Szymanowskiego za arcydzie\u0142o symfoniczne. Wyzwania, zwi\u0105zanego z jego transkrypcj\u0105 na dwa fortepiany podj\u0119\u0142y si\u0119 dwie artystki &#8211; Joanna Doma\u0144ska i Magdalena Lisak, pokaza\u0142a pi\u0119kno, bogactwo i oryginalno\u015b\u0107 dzie\u0142a Szymanowskiego.<\/p>\n\n\n\n<figure class=\"wp-block-video\"><video controls src=\"https:\/\/muzeumpamiecitozsamosc.pl\/wp-content\/uploads\/2024\/11\/Harnasie_2024_1.mp4\"><\/video><\/figure>\n\n\n\n<p>Szymanowski by\u0142 zafascynowany muzyk\u0105 Podhala, czego da\u0142 wyraz w balecie \u201eHarnasie\u201d. Pomys\u0142 zrodzi\u0142 si\u0119 na pocz\u0105tku lat dwudziestych, konkretnie w 1923 roku podczas zakopia\u0144skiego wesela jego przyjaciela, pisarza Jerzego Rytarda z g\u00f3ralk\u0105 Helen\u0105 G\u0105siennic\u0105-Roj. By\u0142 typow\u0105 m\u0142odopolsk\u0105 \u201ech\u0142opomani\u0105\u201d. Karol Szymanowski pisa\u0142 &#8222;Harnasi&#8221; osiem lat. Zrodzi\u0142a si\u0119 historia g\u00f3ralki, kt\u00f3ra na gdzie\u015b na halach pokocha\u0142a Harnasia, mimo, \u017ce we wsi mia\u0142a po\u015blubi\u0107 bogatego gazd\u0119. By\u0142o wesele, podczas kt\u00f3rego zb\u00f3jcy porwali dziewczyn\u0119. Utw\u00f3r ko\u0144czy si\u0119 po\u0142\u0105czeniem szcz\u0119\u015bliwych kochank\u00f3w. <\/p>\n\n\n\n<div style=\"height:25px\" aria-hidden=\"true\" class=\"wp-block-spacer\"><\/div>\n\n\n\n<figure class=\"wp-block-image aligncenter size-large\"><img fetchpriority=\"high\" decoding=\"async\" width=\"665\" height=\"1024\" src=\"https:\/\/muzeumpamiecitozsamosc.pl\/wp-content\/uploads\/2024\/11\/harnasie-6-665x1024.png\" alt=\"\" class=\"wp-image-2786\" srcset=\"https:\/\/muzeumpamiecitozsamosc.pl\/wp-content\/uploads\/2024\/11\/harnasie-6-665x1024.png 665w, https:\/\/muzeumpamiecitozsamosc.pl\/wp-content\/uploads\/2024\/11\/harnasie-6-195x300.png 195w, https:\/\/muzeumpamiecitozsamosc.pl\/wp-content\/uploads\/2024\/11\/harnasie-6-768x1182.png 768w, https:\/\/muzeumpamiecitozsamosc.pl\/wp-content\/uploads\/2024\/11\/harnasie-6-998x1536.png 998w, https:\/\/muzeumpamiecitozsamosc.pl\/wp-content\/uploads\/2024\/11\/harnasie-6.png 1200w\" sizes=\"(max-width: 665px) 100vw, 665px\" \/><\/figure>\n\n\n\n<div style=\"height:25px\" aria-hidden=\"true\" class=\"wp-block-spacer\"><\/div>\n\n\n\n<p>Szymanowski, na wz\u00f3r Chopina, wykorzystuj\u0105cego muzyk\u0119 Mazowsza i Kujaw chcia\u0142 po\u0142\u0105czy\u0107 folklor muzycznego Podhala. Ukaza\u0107 nie tylko jego brzmienie, ale i ducha. Odszed\u0142 od stabilnego pulsu, wprowadzi\u0142 do partytury skale g\u00f3ralskie i nak\u0142adaj\u0105ce si\u0119 rytmy. <\/p>\n\n\n\n<p>Wybitna interpretatorka dzie\u0142 Karola Szymanowskiego, nagradzana wielokrotnie za ich wykonanie, , Joanna Doma\u0144ska przetransponowa\u0142a dzie\u0142o kompozytora na dwa fortepiany.&nbsp;&#8222;Harnasie&#8221; do zobaczenia w audytorium naszego muzeum 1 grudnia o godz. 16:00. Bilety dost\u0119pne s\u0105 w naszych kasach oraz <a href=\"https:\/\/bilety.muzeumpamiecitozsamosc.pl\/rezerwacja\/numerowane.html?id=770&amp;idt=e63d62122edf875f539c8db104c64827&amp;d=3&amp;idw=30\">TUTAJ<\/a>. <\/p>\n\n\n\n<p><\/p>\n","protected":false},"excerpt":{"rendered":"<p>Ju\u017c 1 grudnia w naszym muzeum niezwyk\u0142e wydarzenie muzyczne. Balet &#8222;Harnasie&#8221; Karola Szymanowskiego w transkrypcji na dwa fortepiany w wykonaniu Joanny Doma\u0144skiej oraz Magdaleny Lisiak.<\/p>\n","protected":false},"author":1,"featured_media":2784,"comment_status":"closed","ping_status":"closed","sticky":false,"template":"","format":"standard","meta":{"_acf_changed":false,"footnotes":""},"categories":[7],"tags":[],"class_list":["post-2783","post","type-post","status-publish","format-standard","has-post-thumbnail","hentry","category-wydarzenia"],"acf":[],"_links":{"self":[{"href":"https:\/\/muzeumpamiecitozsamosc.pl\/index.php\/wp-json\/wp\/v2\/posts\/2783","targetHints":{"allow":["GET"]}}],"collection":[{"href":"https:\/\/muzeumpamiecitozsamosc.pl\/index.php\/wp-json\/wp\/v2\/posts"}],"about":[{"href":"https:\/\/muzeumpamiecitozsamosc.pl\/index.php\/wp-json\/wp\/v2\/types\/post"}],"author":[{"embeddable":true,"href":"https:\/\/muzeumpamiecitozsamosc.pl\/index.php\/wp-json\/wp\/v2\/users\/1"}],"replies":[{"embeddable":true,"href":"https:\/\/muzeumpamiecitozsamosc.pl\/index.php\/wp-json\/wp\/v2\/comments?post=2783"}],"version-history":[{"count":4,"href":"https:\/\/muzeumpamiecitozsamosc.pl\/index.php\/wp-json\/wp\/v2\/posts\/2783\/revisions"}],"predecessor-version":[{"id":2806,"href":"https:\/\/muzeumpamiecitozsamosc.pl\/index.php\/wp-json\/wp\/v2\/posts\/2783\/revisions\/2806"}],"wp:featuredmedia":[{"embeddable":true,"href":"https:\/\/muzeumpamiecitozsamosc.pl\/index.php\/wp-json\/wp\/v2\/media\/2784"}],"wp:attachment":[{"href":"https:\/\/muzeumpamiecitozsamosc.pl\/index.php\/wp-json\/wp\/v2\/media?parent=2783"}],"wp:term":[{"taxonomy":"category","embeddable":true,"href":"https:\/\/muzeumpamiecitozsamosc.pl\/index.php\/wp-json\/wp\/v2\/categories?post=2783"},{"taxonomy":"post_tag","embeddable":true,"href":"https:\/\/muzeumpamiecitozsamosc.pl\/index.php\/wp-json\/wp\/v2\/tags?post=2783"}],"curies":[{"name":"wp","href":"https:\/\/api.w.org\/{rel}","templated":true}]}}