{"id":2820,"date":"2024-11-15T19:04:42","date_gmt":"2024-11-15T18:04:42","guid":{"rendered":"https:\/\/muzeumpamiecitozsamosc.pl\/?p=2820"},"modified":"2025-02-18T13:45:48","modified_gmt":"2025-02-18T12:45:48","slug":"asystent-konserwatorski","status":"publish","type":"post","link":"https:\/\/muzeumpamiecitozsamosc.pl\/index.php\/2024\/11\/15\/asystent-konserwatorski\/","title":{"rendered":"Asystent konserwatorski"},"content":{"rendered":"\t\t<div data-elementor-type=\"wp-post\" data-elementor-id=\"2820\" class=\"elementor elementor-2820\" data-elementor-post-type=\"post\">\n\t\t\t\t<div class=\"elementor-element elementor-element-7c704fc e-flex e-con-boxed e-con e-parent\" data-id=\"7c704fc\" data-element_type=\"container\">\n\t\t\t\t\t<div class=\"e-con-inner\">\n\t\t\t\t<div class=\"elementor-element elementor-element-a458b2c elementor-widget elementor-widget-text-editor\" data-id=\"a458b2c\" data-element_type=\"widget\" data-widget_type=\"text-editor.default\">\n\t\t\t\t<div class=\"elementor-widget-container\">\n\t\t\t\t\t\t\t\t\t<p><span style=\"color: #339966;\">Nab\u00f3r zako\u0144czony wyborem kandydata: Natalia Rogozi\u0144ska<\/span><\/p>\t\t\t\t\t\t\t\t<\/div>\n\t\t\t\t<\/div>\n\t\t\t\t\t<\/div>\n\t\t\t\t<\/div>\n\t\t<div class=\"elementor-element elementor-element-f12c7df e-flex e-con-boxed e-con e-parent\" data-id=\"f12c7df\" data-element_type=\"container\" data-settings=\"{&quot;background_background&quot;:&quot;classic&quot;}\">\n\t\t\t\t\t<div class=\"e-con-inner\">\n\t\t<div class=\"elementor-element elementor-element-c8e64b9 e-con-full e-flex e-con e-child\" data-id=\"c8e64b9\" data-element_type=\"container\">\n\t\t\t\t<div class=\"elementor-element elementor-element-137ffe7 elementor-widget__width-auto elementor-widget elementor-widget-text-editor\" data-id=\"137ffe7\" data-element_type=\"widget\" data-widget_type=\"text-editor.default\">\n\t\t\t\t<div class=\"elementor-widget-container\">\n\t\t\t\t\t\t\t\t\t<p>Termin sk\u0142adania aplikacji:<\/p>\t\t\t\t\t\t\t\t<\/div>\n\t\t\t\t<\/div>\n\t\t\t\t<div class=\"elementor-element elementor-element-1bd5037 elementor-widget elementor-widget-text-editor\" data-id=\"1bd5037\" data-element_type=\"widget\" data-widget_type=\"text-editor.default\">\n\t\t\t\t<div class=\"elementor-widget-container\">\n\t\t\t\t\t\t\t\t\t<p>29.11.2024r.<\/p>\t\t\t\t\t\t\t\t<\/div>\n\t\t\t\t<\/div>\n\t\t\t\t<\/div>\n\t\t<div class=\"elementor-element elementor-element-08c0331 e-con-full e-flex e-con e-child\" data-id=\"08c0331\" data-element_type=\"container\">\n\t\t\t\t<div class=\"elementor-element elementor-element-a236cfc elementor-widget__width-auto elementor-widget elementor-widget-text-editor\" data-id=\"a236cfc\" data-element_type=\"widget\" data-widget_type=\"text-editor.default\">\n\t\t\t\t<div class=\"elementor-widget-container\">\n\t\t\t\t\t\t\t\t\t<p>dokumenty nale\u017cy dostarczy\u0107 w zamkni\u0119tej kopercie do dnia 29.11.2024r.<\/p><p>poczt\u0105 na adres: Muzeum Pami\u0119\u0107 i To\u017csamo\u015b\u0107 im. \u015bw. Jana Paw\u0142a II ul. Droga Starotoru\u0144ska 3, 87-100 Toru\u0144 (decyduje data faktycznego wp\u0142ywu do Muzeum).<\/p>\t\t\t\t\t\t\t\t<\/div>\n\t\t\t\t<\/div>\n\t\t\t\t<\/div>\n\t\t\t\t\t<\/div>\n\t\t\t\t<\/div>\n\t\t<div class=\"elementor-element elementor-element-e212222 e-flex e-con-boxed e-con e-parent\" data-id=\"e212222\" data-element_type=\"container\" data-settings=\"{&quot;background_background&quot;:&quot;classic&quot;}\">\n\t\t\t\t\t<div class=\"e-con-inner\">\n\t\t\t\t<div class=\"elementor-element elementor-element-ff91534 elementor-widget elementor-widget-heading\" data-id=\"ff91534\" data-element_type=\"widget\" data-widget_type=\"heading.default\">\n\t\t\t\t<div class=\"elementor-widget-container\">\n\t\t\t\t\t<h4 class=\"elementor-heading-title elementor-size-default\">Muzeum \u201ePami\u0119\u0107 i To\u017csamo\u015b\u0107\u201d im. \u015bw. Jana Paw\u0142a II (w organizacji)\n\nZaprasza do rekrutacji na stanowisko:\n\nAsystent konserwatorski\n\n<\/h4>\t\t\t\t<\/div>\n\t\t\t\t<\/div>\n\t\t\t\t\t<\/div>\n\t\t\t\t<\/div>\n\t\t<div class=\"elementor-element elementor-element-5e3e471 e-con-full e-flex e-con e-parent\" data-id=\"5e3e471\" data-element_type=\"container\">\n\t\t\t\t<div class=\"elementor-element elementor-element-fd473aa elementor-widget elementor-widget-text-editor\" data-id=\"fd473aa\" data-element_type=\"widget\" data-widget_type=\"text-editor.default\">\n\t\t\t\t<div class=\"elementor-widget-container\">\n\t\t\t\t\t\t\t\t\t<section><article><p>Miejsce pracy:<br \/>Muzeum Pami\u0119\u0107 i To\u017csamo\u015b\u0107 im. \u015bw. Jana Paw\u0142a w Toruniu (w organizacji)<\/p><p>Zakres zada\u0144 wykonywanych na stanowisku pracy:<\/p><ul><li>okre\u015blanie odpowiednich warunk\u00f3w konserwatorskich dla zbior\u00f3w w miejscach ich przechowywania i udost\u0119pniania;<\/li><li>kontrola nad stanem zachowania i warunkami przechowywania zbior\u00f3w obj\u0119tych ewidencj\u0105 Muzeum, znajduj\u0105cych si\u0119 na ekspozycjach i w magazynach oraz obiekt\u00f3w przekazanych w depozyt do Muzeum; w tym nadz\u00f3r nad warunkami klimatycznymi oraz kontrola zagro\u017ce\u0144 biologicznych w przestrzeniach, w kt\u00f3rych znajduj\u0105 si\u0119 zbiory,<br \/>konserwacja muzeali\u00f3w i wykonywanie stosownej dokumentacji, w tym:<br \/>sporz\u0105dzanie opis\u00f3w stanu zachowania zabior\u00f3w oraz prowadzenie wszelkiej dokumentacji konserwatorskiej w systemie bazodanowym MUZA<\/li><li>opracowanie program\u00f3w konserwatorskich;<\/li><li>opracowanie plan\u00f3w i harmonogram\u00f3w prac konserwatorskich w tym r\u00f3wnie\u017c kwalifikowanie zabytk\u00f3w do konserwacji poza Muzeum;<\/li><li>prowadzenie prac konserwatorskich zgodnie z przyj\u0119tym planem i harmonogramem;<\/li><li>opiniowanie pod wzgl\u0119dem konserwatorskim projekt\u00f3w wystaw sta\u0142ych i czasowych; w tym r\u00f3wnie\u017c Ocena pod k\u0105tem prawid\u0142owego<\/li><li>przygotowywania gablot i element\u00f3w wystawienniczych dla zbior\u00f3w;<\/li><li>Opiniowanie pod wzgl\u0119dem konserwatorskim nabytk\u00f3w do zbior\u00f3w Muzeum;<\/li><li>opiniowanie pod wzgl\u0119dem konserwatorskim u\u017cycze\u0144 zewn\u0119trznych;<\/li><li>Wykonywanie niezb\u0119dnych bada\u0144 konserwatorskich;<\/li><li>Zg\u0142aszanie zapotrzebowania na wykonanie bada\u0144 specjalistycznych w zewn\u0119trznych laboratoriach.<\/li><li>Znakowanie muzeali\u00f3w zgodnie z obowi\u0105zuj\u0105cymi wytycznymi;<\/li><li>Zapewnienie bezpiecze\u0144stwa obiekt\u00f3w podczas wykonywania prac konserwatorsko-restauratorskich;<\/li><li>dba\u0142o\u015b\u0107 o pracowni\u0119 konserwatorsk\u0105, w tym m.in.: organizowanie zaopatrzenia pracowni; wsp\u00f3\u0142praca przy pisaniu wniosk\u00f3w o zaopatrzenie i wyposa\u017cenie pracowni oraz czynne uczestnictwo w sporz\u0105dzaniu sprawozda\u0144 z realizacji ww. wniosk\u00f3w;<\/li><li>realizacja zaopatrzenia pracowni konserwatorskiej w sprz\u0119t konserwatorski oraz materia\u0142y do realizacji konserwacji;<\/li><li>Utrzymywanie w jak najlepszym stanie technicznym narz\u0119dzi u\u017cywanych podczas pracy;<\/li><li>wsp\u00f3\u0142praca z o\u015brodkami akademickimi, muzeami, innymi instytucjami, organizacjami i stowarzyszeniami oraz osobami fizycznymi w zakresie dzia\u0142alno\u015bci merytorycznej;<\/li><li>realizacja innych zada\u0144 powierzonych przez bezpo\u015bredniego prze\u0142o\u017conego, Dyrekcj\u0119 Muzeum lub osob\u0119 przez ni\u0105 upowa\u017cnion\u0105 zgodnie z obowi\u0105zuj\u0105cymi przepisami prawa, statutu i akt\u00f3w normatywnych Muzeum.<\/li><\/ul><p>Wymagania:<\/p><ul><li>dyplom uko\u0144czenia jednolitych studi\u00f3w magisterskich z zakresu konserwacji zabytk\u00f3w zwi\u0105zanych z zakresem gromadzonych w muzeum zbior\u00f3w<\/li><li>do\u015bwiadczenie w wykonywaniu prac konserwatorskich w zakresie gromadzonych w muzeum zbior\u00f3w<\/li><li>znajomo\u015b\u0107 co najmniej jednego j\u0119zyka obcego w stopniu zaawansowanym &#8211; preferowane: angielski, niemiecki, w\u0142oski, rosyjski, francuski,<\/li><li>obs\u0142uga komputera: Windows, pakiet MS Office, Internet,<\/li><li>znajomo\u015b\u0107 przepis\u00f3w z zakresu ochrony zabytk\u00f3w i funkcjonowania muze\u00f3w,<\/li><li>samodzielno\u015b\u0107, dyspozycyjno\u015b\u0107, odpowiedzialno\u015b\u0107, rzetelno\u015b\u0107, odporno\u015b\u0107 na stres, umiej\u0119tno\u015b\u0107 pracy w zespole<\/li><\/ul><p><span style=\"color: var( --e-global-color-text ); font-family: var( --e-global-typography-text-font-family ), Sans-serif; font-weight: var( --e-global-typography-text-font-weight ); text-align: var(--text-align); font-size: 1rem;\"><br \/>Oferujemy:<\/span><\/p><ul><li>prac\u0119 stacjonarn\u0105 w przyjaznym zespole;<\/li><li>zatrudnienie w oparciu o umow\u0119 o prac\u0119;<\/li><li>mo\u017cliwo\u015b\u0107 rozwoju zawodowego<\/li><\/ul><p>\u00a0<\/p><div><p><strong>Osoby zainteresowane prosimy o dostarczenie\u00a0CV* zawieraj\u0105cego poni\u017csz\u0105 klauzul\u0119:<\/strong><\/p><p>\u201cWyra\u017cam zgod\u0119 na przetwarzanie moich danych osobowych przez Muzeum \u201ePami\u0119\u0107 i To\u017csamo\u015b\u0107\u201d im. \u015bw. Jana Paw\u0142a II (w organizacji) dla potrzeb niezb\u0119dnych do realizacji procesu rekrutacji zgodnie z art. 6 ust. 1 lit. a Rozporz\u0105dzenia Parlamentu Europejskiego i Rady (UE) 2016\/679 z dnia 27 kwietnia 2016 r. w sprawie ochrony os\u00f3b fizycznych w zwi\u0105zku z przetwarzaniem danych osobowych i w sprawie swobodnego przep\u0142ywu takich danych oraz uchylenia dyrektywy 95\/46\/WE (og\u00f3lne rozporz\u0105dzenie o ochronie danych)\u201d<\/p><p><strong>*\u00a0<\/strong>CV zawieraj\u0105ce dane, o\u00a0kt\u00f3rych mowa w\u00a0art. 22<sup>1<\/sup>\u00a0\u00a7 1 ustawy z dnia 26 czerwca 1974 r. Kodeks\u00a0 pracy\u00a0tj. imi\u0119 (imiona) i nazwisko, data\u00a0 urodzenia, dane s\u0142u\u017c\u0105ce do kontaktowania si\u0119 z kandydatem (np. numer\u00a0 telefonu, adres do korespondencji), wykszta\u0142cenie, kwalifikacje zawodowe oraz przebieg dotychczasowego zatrudnienia.<\/p><p><strong>Termin i miejsce sk\u0142adania dokument\u00f3w:<\/strong><br \/>dokumenty nale\u017cy z\u0142o\u017cy\u0107 do dnia 29.11.2024 r.<br \/>decyduje data wp\u0142ywu oferty do Muzeum<br \/>dokumenty mo\u017cna z\u0142o\u017cy\u0107:\u00a0<\/p><p>w formie papierowej \u2013 osobi\u015bcie w zamkni\u0119tej kopercie lub przes\u0142a\u0107 poczt\u0105 na adres:<br \/>Muzeum Pami\u0119\u0107 i To\u017csamo\u015b\u0107 im. \u015bw. Jana Paw\u0142a II ul. Droga Starotoru\u0144ska 3, 87-100 Toru\u0144<\/p><p>LUB<\/p><p>w formie elektronicznej \u2013 na adres mailowy: rekrutacje@muzeumpamiecitozsamosc.pl<\/p><p>Na kopercie b\u0105d\u017a w tytule maila prosimy o wpisanie: \u201eOferta pracy \u2013 <strong>Asystent konserwatorski<\/strong>\u201d.<\/p><p>Procedura naboru:<br \/>Proces rekrutacji na wy\u017cej wymienione stanowisko b\u0119dzie dwuetapowy.<br \/>I Etap \u2013 weryfikacja formalna nades\u0142anych ofert \u2013 do drugiego etapu zaproszeni zostan\u0105 kandydaci, kt\u00f3rzy spe\u0142niaj\u0105 wszystkie wymagania formalne.<br \/>II Etap \u2013 rozmowa kwalifikacyjna.<\/p><p>Dodatkowe informacje:<br \/>Aplikacje z\u0142o\u017cone po wskazanym terminie b\u0105d\u017a niekompletne, nie b\u0119d\u0105 rozpatrywane.<br \/>Muzeum zastrzega sobie prawo odwo\u0142ania lub przed\u0142u\u017cenia procedury naboru w ka\u017cdym terminie.<br \/>Muzeum zastrzega sobie prawo niewybrania \u017cadnego z kandydat\u00f3w.<\/p><\/div><div>\u00a0<\/div><\/article><\/section>\t\t\t\t\t\t\t\t<\/div>\n\t\t\t\t<\/div>\n\t\t\t\t<div class=\"elementor-element elementor-element-22f4896 elementor-widget-divider--view-line elementor-widget elementor-widget-divider\" data-id=\"22f4896\" data-element_type=\"widget\" data-widget_type=\"divider.default\">\n\t\t\t\t<div class=\"elementor-widget-container\">\n\t\t\t\t\t\t\t<div class=\"elementor-divider\">\n\t\t\t<span class=\"elementor-divider-separator\">\n\t\t\t\t\t\t<\/span>\n\t\t<\/div>\n\t\t\t\t\t\t<\/div>\n\t\t\t\t<\/div>\n\t\t\t\t<div class=\"elementor-element elementor-element-c61169c elementor-widget elementor-widget-text-editor\" data-id=\"c61169c\" data-element_type=\"widget\" data-widget_type=\"text-editor.default\">\n\t\t\t\t<div class=\"elementor-widget-container\">\n\t\t\t\t\t\t\t\t\t<p><strong>Aplikacje prosimy sk\u0142ada\u0107 pod adresem:<\/strong><\/p><p>Muzeum Pami\u0119\u0107 i To\u017csamo\u015b\u0107 im. \u015bw. Jana Paw\u0142a II<\/p><p>ul. Droga Starotoru\u0144ska 3, 87-100 Toru\u0144<br \/><br \/>lub e-mailowo: rekrutacja@muzeumpamiecitozsamosc.pl<\/p>\t\t\t\t\t\t\t\t<\/div>\n\t\t\t\t<\/div>\n\t\t\t\t<\/div>\n\t\t<div class=\"elementor-element elementor-element-dae6d81 e-flex e-con-boxed e-con e-parent\" data-id=\"dae6d81\" data-element_type=\"container\">\n\t\t\t\t\t<div class=\"e-con-inner\">\n\t\t\t\t<div class=\"elementor-element elementor-element-be2cfd8 elementor-post-navigation-borders-yes elementor-widget elementor-widget-post-navigation\" data-id=\"be2cfd8\" data-element_type=\"widget\" data-widget_type=\"post-navigation.default\">\n\t\t\t\t<div class=\"elementor-widget-container\">\n\t\t\t\t\t\t\t<div class=\"elementor-post-navigation\" role=\"navigation\" aria-label=\"Nawigacja wpisu\">\n\t\t\t<div class=\"elementor-post-navigation__prev elementor-post-navigation__link\">\n\t\t\t\t<a href=\"https:\/\/muzeumpamiecitozsamosc.pl\/index.php\/2024\/10\/17\/kierownik-dzialu-ds-edukacji-i-wydarzen-kulturalnych\/\" rel=\"prev\"><span class=\"post-navigation__arrow-wrapper post-navigation__arrow-prev\"><svg aria-hidden=\"true\" class=\"e-font-icon-svg e-fas-angle-left\" viewBox=\"0 0 256 512\" xmlns=\"http:\/\/www.w3.org\/2000\/svg\"><path d=\"M31.7 239l136-136c9.4-9.4 24.6-9.4 33.9 0l22.6 22.6c9.4 9.4 9.4 24.6 0 33.9L127.9 256l96.4 96.4c9.4 9.4 9.4 24.6 0 33.9L201.7 409c-9.4 9.4-24.6 9.4-33.9 0l-136-136c-9.5-9.4-9.5-24.6-.1-34z\"><\/path><\/svg><span class=\"elementor-screen-only\">Prev<\/span><\/span><span class=\"elementor-post-navigation__link__prev\"><span class=\"post-navigation__prev--label\">Poprzedni<\/span><span class=\"post-navigation__prev--title\">Kierownik Dzia\u0142u ds. Edukacji i Wydarze\u0144 Kulturalnych<\/span><\/span><\/a>\t\t\t<\/div>\n\t\t\t\t\t\t\t<div class=\"elementor-post-navigation__separator-wrapper\">\n\t\t\t\t\t<div class=\"elementor-post-navigation__separator\"><\/div>\n\t\t\t\t<\/div>\n\t\t\t\t\t\t<div class=\"elementor-post-navigation__next elementor-post-navigation__link\">\n\t\t\t\t<a href=\"https:\/\/muzeumpamiecitozsamosc.pl\/index.php\/2024\/11\/29\/glowny-specjalista-ds-komunikacji-i-kontaktu-z-mediami\/\" rel=\"next\"><span class=\"elementor-post-navigation__link__next\"><span class=\"post-navigation__next--label\">Nast\u0119pny<\/span><span class=\"post-navigation__next--title\">G\u0142\u00f3wny specjalista ds. komunikacji i kontaktu z mediami<\/span><\/span><span class=\"post-navigation__arrow-wrapper post-navigation__arrow-next\"><svg aria-hidden=\"true\" class=\"e-font-icon-svg e-fas-angle-right\" viewBox=\"0 0 256 512\" xmlns=\"http:\/\/www.w3.org\/2000\/svg\"><path d=\"M224.3 273l-136 136c-9.4 9.4-24.6 9.4-33.9 0l-22.6-22.6c-9.4-9.4-9.4-24.6 0-33.9l96.4-96.4-96.4-96.4c-9.4-9.4-9.4-24.6 0-33.9L54.3 103c9.4-9.4 24.6-9.4 33.9 0l136 136c9.5 9.4 9.5 24.6.1 34z\"><\/path><\/svg><span class=\"elementor-screen-only\">Nast\u0119pny<\/span><\/span><\/a>\t\t\t<\/div>\n\t\t<\/div>\n\t\t\t\t\t\t<\/div>\n\t\t\t\t<\/div>\n\t\t\t\t\t<\/div>\n\t\t\t\t<\/div>\n\t\t\t\t<\/div>\n\t\t","protected":false},"excerpt":{"rendered":"<p>Nab\u00f3r zako\u0144czony wyborem kandydata: Natalia Rogozi\u0144ska Termin sk\u0142adania aplikacji: 29.11.2024r. dokumenty nale\u017cy dostarczy\u0107 w zamkni\u0119tej kopercie do dnia 29.11.2024r. poczt\u0105 na adres: Muzeum Pami\u0119\u0107 i To\u017csamo\u015b\u0107 im. \u015bw. Jana Paw\u0142a II ul. Droga Starotoru\u0144ska 3, 87-100 Toru\u0144 (decyduje data faktycznego wp\u0142ywu do Muzeum). Muzeum \u201ePami\u0119\u0107 i To\u017csamo\u015b\u0107\u201d im. \u015bw. Jana Paw\u0142a II (w organizacji) Zaprasza [&hellip;]<\/p>\n","protected":false},"author":3,"featured_media":0,"comment_status":"closed","ping_status":"open","sticky":false,"template":"","format":"standard","meta":{"_acf_changed":false,"footnotes":""},"categories":[26],"tags":[],"class_list":["post-2820","post","type-post","status-publish","format-standard","hentry","category-archiwum-2024"],"acf":[],"_links":{"self":[{"href":"https:\/\/muzeumpamiecitozsamosc.pl\/index.php\/wp-json\/wp\/v2\/posts\/2820","targetHints":{"allow":["GET"]}}],"collection":[{"href":"https:\/\/muzeumpamiecitozsamosc.pl\/index.php\/wp-json\/wp\/v2\/posts"}],"about":[{"href":"https:\/\/muzeumpamiecitozsamosc.pl\/index.php\/wp-json\/wp\/v2\/types\/post"}],"author":[{"embeddable":true,"href":"https:\/\/muzeumpamiecitozsamosc.pl\/index.php\/wp-json\/wp\/v2\/users\/3"}],"replies":[{"embeddable":true,"href":"https:\/\/muzeumpamiecitozsamosc.pl\/index.php\/wp-json\/wp\/v2\/comments?post=2820"}],"version-history":[{"count":25,"href":"https:\/\/muzeumpamiecitozsamosc.pl\/index.php\/wp-json\/wp\/v2\/posts\/2820\/revisions"}],"predecessor-version":[{"id":2952,"href":"https:\/\/muzeumpamiecitozsamosc.pl\/index.php\/wp-json\/wp\/v2\/posts\/2820\/revisions\/2952"}],"wp:attachment":[{"href":"https:\/\/muzeumpamiecitozsamosc.pl\/index.php\/wp-json\/wp\/v2\/media?parent=2820"}],"wp:term":[{"taxonomy":"category","embeddable":true,"href":"https:\/\/muzeumpamiecitozsamosc.pl\/index.php\/wp-json\/wp\/v2\/categories?post=2820"},{"taxonomy":"post_tag","embeddable":true,"href":"https:\/\/muzeumpamiecitozsamosc.pl\/index.php\/wp-json\/wp\/v2\/tags?post=2820"}],"curies":[{"name":"wp","href":"https:\/\/api.w.org\/{rel}","templated":true}]}}