{"id":3155,"date":"2025-02-07T16:48:00","date_gmt":"2025-02-07T15:48:00","guid":{"rendered":"https:\/\/muzeumpamiecitozsamosc.pl\/?p=3155"},"modified":"2025-05-22T23:07:20","modified_gmt":"2025-05-22T21:07:20","slug":"glowna-ksiegowa-glowny-ksiegowy","status":"publish","type":"post","link":"https:\/\/muzeumpamiecitozsamosc.pl\/index.php\/2025\/02\/07\/glowna-ksiegowa-glowny-ksiegowy\/","title":{"rendered":"G\u0142\u00f3wna ksi\u0119gowa\/G\u0142\u00f3wny ksi\u0119gowy"},"content":{"rendered":"\t\t<div data-elementor-type=\"wp-post\" data-elementor-id=\"3155\" class=\"elementor elementor-3155\" data-elementor-post-type=\"post\">\n\t\t\t\t<div class=\"elementor-element elementor-element-7c704fc e-flex e-con-boxed e-con e-parent\" data-id=\"7c704fc\" data-element_type=\"container\">\n\t\t\t\t\t<div class=\"e-con-inner\">\n\t\t\t\t<div class=\"elementor-element elementor-element-a458b2c elementor-widget elementor-widget-text-editor\" data-id=\"a458b2c\" data-element_type=\"widget\" data-widget_type=\"text-editor.default\">\n\t\t\t\t<div class=\"elementor-widget-container\">\n\t\t\t\t\t\t\t\t\t<p><span style=\"color: #3366ff;\">Nab\u00f3r zako\u0144czony wyborem kandydata: Agnieszka Sia\u0142kowska<\/span><\/p>\t\t\t\t\t\t\t\t<\/div>\n\t\t\t\t<\/div>\n\t\t\t\t\t<\/div>\n\t\t\t\t<\/div>\n\t\t<div class=\"elementor-element elementor-element-f12c7df e-flex e-con-boxed e-con e-parent\" data-id=\"f12c7df\" data-element_type=\"container\" data-settings=\"{&quot;background_background&quot;:&quot;classic&quot;}\">\n\t\t\t\t\t<div class=\"e-con-inner\">\n\t\t<div class=\"elementor-element elementor-element-c8e64b9 e-con-full e-flex e-con e-child\" data-id=\"c8e64b9\" data-element_type=\"container\">\n\t\t\t\t<div class=\"elementor-element elementor-element-137ffe7 elementor-widget__width-auto elementor-widget elementor-widget-text-editor\" data-id=\"137ffe7\" data-element_type=\"widget\" data-widget_type=\"text-editor.default\">\n\t\t\t\t<div class=\"elementor-widget-container\">\n\t\t\t\t\t\t\t\t\t<p>Termin sk\u0142adania aplikacji:<\/p>\t\t\t\t\t\t\t\t<\/div>\n\t\t\t\t<\/div>\n\t\t\t\t<div class=\"elementor-element elementor-element-1bd5037 elementor-widget elementor-widget-text-editor\" data-id=\"1bd5037\" data-element_type=\"widget\" data-widget_type=\"text-editor.default\">\n\t\t\t\t<div class=\"elementor-widget-container\">\n\t\t\t\t\t\t\t\t\t<p>14.03.2025 r.<\/p>\t\t\t\t\t\t\t\t<\/div>\n\t\t\t\t<\/div>\n\t\t\t\t<\/div>\n\t\t<div class=\"elementor-element elementor-element-08c0331 e-con-full e-flex e-con e-child\" data-id=\"08c0331\" data-element_type=\"container\">\n\t\t\t\t<div class=\"elementor-element elementor-element-a236cfc elementor-widget__width-auto elementor-widget elementor-widget-text-editor\" data-id=\"a236cfc\" data-element_type=\"widget\" data-widget_type=\"text-editor.default\">\n\t\t\t\t<div class=\"elementor-widget-container\">\n\t\t\t\t\t\t\t\t\t<p>dokumenty nale\u017cy dostarczy\u0107 w zamkni\u0119tej kopercie do dnia 14.03.2025 r..<\/p><p>poczt\u0105 na adres: Muzeum Pami\u0119\u0107 i To\u017csamo\u015b\u0107 im. \u015bw. Jana Paw\u0142a II ul. Droga Starotoru\u0144ska 3, 87-100 Toru\u0144 (decyduje data faktycznego wp\u0142ywu do Muzeum).<\/p>\t\t\t\t\t\t\t\t<\/div>\n\t\t\t\t<\/div>\n\t\t\t\t<\/div>\n\t\t\t\t\t<\/div>\n\t\t\t\t<\/div>\n\t\t<div class=\"elementor-element elementor-element-e212222 e-flex e-con-boxed e-con e-parent\" data-id=\"e212222\" data-element_type=\"container\" data-settings=\"{&quot;background_background&quot;:&quot;classic&quot;}\">\n\t\t\t\t\t<div class=\"e-con-inner\">\n\t\t\t\t<div class=\"elementor-element elementor-element-ff91534 elementor-widget elementor-widget-heading\" data-id=\"ff91534\" data-element_type=\"widget\" data-widget_type=\"heading.default\">\n\t\t\t\t<div class=\"elementor-widget-container\">\n\t\t\t\t\t<h4 class=\"elementor-heading-title elementor-size-default\">Muzeum \u201ePami\u0119\u0107 i To\u017csamo\u015b\u0107\u201d im. \u015bw. Jana Paw\u0142a II (w organizacji)\n\nZaprasza do rekrutacji na stanowisko:\nG\u0142\u00f3wna ksi\u0119gowa\/G\u0142\u00f3wny ksi\u0119gowy\n<\/h4>\t\t\t\t<\/div>\n\t\t\t\t<\/div>\n\t\t\t\t\t<\/div>\n\t\t\t\t<\/div>\n\t\t<div class=\"elementor-element elementor-element-5e3e471 e-con-full e-flex e-con e-parent\" data-id=\"5e3e471\" data-element_type=\"container\">\n\t\t\t\t<div class=\"elementor-element elementor-element-fd473aa elementor-widget elementor-widget-text-editor\" data-id=\"fd473aa\" data-element_type=\"widget\" data-widget_type=\"text-editor.default\">\n\t\t\t\t<div class=\"elementor-widget-container\">\n\t\t\t\t\t\t\t\t\t<section>\n<article>\n<p><strong>Miejsce pracy: <\/strong><br>Warszawa i\/lub Toru\u0144<\/p>\n<p><strong>Wymiar etatu:<\/strong> pe\u0142en etat<\/p>\n<p><strong><br>OPIS STANOWISKA:<\/strong><strong>&nbsp;<\/strong><\/p>\n<ol>\n<li>Prowadzenie rachunkowo\u015bci w Muzeum, zgodnie z zasadami okre\u015blonymi w Ustawie <br>z dnia 29 wrze\u015bnia 1994 r. o rachunkowo\u015bci, a tak\u017ce Ustawie o organizowaniu i prowadzeniu dzia\u0142alno\u015bci kulturalnej, Ustawie o muzeach oraz innych obowi\u0105zuj\u0105cych przepis\u00f3w prawnych dotycz\u0105cych funkcjonowania Muzeum;<\/li>\n<li>Zarz\u0105dzanie finansami instytucji;<\/li>\n<li>Opracowywanie projektu plan\u00f3w, strategii finansowych oraz przepis\u00f3w i akt\u00f3w wewn\u0119trznych dotycz\u0105cych rachunkowo\u015bci;<\/li>\n<li>Sporz\u0105dzanie rocznych plan\u00f3w finansowych;<\/li>\n<li>Dokonywanie wst\u0119pnej kontroli zgodno\u015bci operacji gospodarczych i finansowych <br>z planem finansowym;<\/li>\n<li>Gromadzenie i wydatkowanie \u015brodk\u00f3w oraz gospodarowanie mieniem instytucji;<\/li>\n<li>Wykonywanie dyspozycji \u015brodkami pieni\u0119\u017cnymi z uwzgl\u0119dnieniem terminowego regulowania akceptowanych zobowi\u0105za\u0144, szczeg\u00f3lnie publiczno-prawnych;<\/li>\n<li>Dekretacja dokument\u00f3w;<\/li>\n<li>Nadzorowanie obs\u0142ugi kasowej, w tym sprzeda\u017cy bilet\u00f3w wst\u0119pu oraz&nbsp;wydawnictw <br>i pami\u0105tek muzealnych;<\/li>\n<li>Opiniowanie pod wzgl\u0119dem finansowym prawid\u0142owo\u015bci zawieranych um\u00f3w;<\/li>\n<li>Nadz\u00f3r nad pozyskiwaniem i rozliczaniem dotacji podmiotowych, celowych, \u015brodk\u00f3w zewn\u0119trznych, projekt\u00f3w UE;<\/li>\n<li>Zapewnianie terminowego dochodzenia przys\u0142uguj\u0105cych nale\u017cno\u015bci i roszcze\u0144 spornych oraz sp\u0142aty zobowi\u0105za\u0144;<\/li>\n<li>Wsp\u00f3\u0142praca z bankiem prowadz\u0105cym rachunek Muzeum;<\/li>\n<li>Ustalanie wysoko\u015bci podatk\u00f3w i innych \u015bwiadcze\u0144 o podobnym charakterze;<\/li>\n<li>Gromadzenie, przechowywanie, zabezpieczenie i archiwizowanie dowod\u00f3w ksi\u0119gowych;<\/li>\n<li>Sporz\u0105dzanie wymaganych przepisami sprawozda\u0144, bilans\u00f3w i zestawie\u0144 dla r\u00f3\u017cnych jednostek wed\u0142ug ustalonych procedur i okre\u015blonych termin\u00f3w;<\/li>\n<li>\u017b\u0105danie od kierownik\u00f3w kom\u00f3rek organizacyjnych Muzeum i pracownik\u00f3w na&nbsp;samodzielnych stanowiskach udzielania w formie ustnej lub pisemnej niezb\u0119dnych informacji i wyja\u015bnie\u0144 w zakresie spraw finansowych, jak r\u00f3wnie\u017c udost\u0119pnienia do&nbsp;wgl\u0105du dokument\u00f3w i wylicze\u0144 b\u0119d\u0105cych \u017ar\u00f3d\u0142em tych informacji i wyja\u015bnie\u0144;<\/li>\n<li>Wskazywanie wyst\u0119puj\u0105cych nieprawid\u0142owo\u015bci, a w wypadku konieczno\u015bci dokonania zmian w stosowanych procedurach \u2013 wnioskowanie o ich dokonanie wraz&nbsp;z&nbsp;przedstawieniem w\u0142asnych propozycji;<\/li>\n<li>Wnioskowanie do Dyrektora w sprawach propozycji awans\u00f3w, przeszeregowa\u0144, nagr\u00f3d <br>i kar dla pracownik\u00f3w zajmuj\u0105cych stanowiska pracy w podleg\u0142ych kom\u00f3rkach organizacyjnych;<\/li>\n<li>Wykonywanie innych czynno\u015bci zleconych przez Pracodawc\u0119 lub bezpo\u015bredniego prze\u0142o\u017conego zwi\u0105zanych z powierzonym stanowiskiem.<\/li>\n<\/ol>\n<p><strong>WYMAGANIA:<\/strong><\/p>\n<p>Osoba ubiegaj\u0105ca si\u0119 o w\/w stanowisko, powinna spe\u0142nia\u0107 kryteria zgodne z art. 54 Ustawy z dnia 27 sierpnia 2009 r. o finansach publicznych (tekst jednolity Dz.U.2023.1270);<\/p>\n<p>Ponadto osoba ubiegaj\u0105ca si\u0119 o w\/w stanowisko, powinna spe\u0142nia\u0107 nast\u0119puj\u0105ce kryteria:<\/p>\n<ol>\n<li>Wykszta\u0142cenie wy\u017csze o profilu ekonomicznym;<\/li>\n<li>Bardzo dobra znajomo\u015b\u0107 przepis\u00f3w prawa: Ustawy o rachunkowo\u015bci, Ustawy o finansach publicznych, Ustawy o odpowiedzialno\u015bci za naruszenie dyscypliny finans\u00f3w publicznych, Ustawy o zam\u00f3wieniach publicznych, Ustawy o organizowaniu i prowadzeniu dzia\u0142alno\u015bci kulturalnej, Ustawy o muzeach oraz znajomo\u015b\u0107 przepis\u00f3w podatkowych;<\/li>\n<li>Posiada\u0107 co najmniej 3-letnie do\u015bwiadczenie w pracy na podobnym stanowisku (mile widziane do\u015bwiadczenie w pracy w instytucji finans\u00f3w publicznych, w tym w instytucji kultury);<\/li>\n<li>Do\u015bwiadczenie w organizacji pracy nad bud\u017cetem zadaniowym, controllingiem, procedur\u0105 kontroli zarz\u0105dczej;<\/li>\n<li>Znajomo\u015b\u0107 obs\u0142ugi programu Sage Symfonia oraz umiej\u0119tno\u015b\u0107 obs\u0142ugi bankowo\u015bci internetowej;<\/li>\n<li>Bieg\u0142a znajomo\u015b\u0107 pakietu MS Office (m.in. Excel i Word);<\/li>\n<li>Korzystanie z pe\u0142ni praw publicznych;<\/li>\n<li>Nieskazanie prawomocnym wyrokiem za umy\u015blne przest\u0119pstwo lub umy\u015blne przest\u0119pstwo skarbowe;<\/li>\n<li>Umiej\u0119tno\u015b\u0107 zarz\u0105dzania zespo\u0142em;<\/li>\n<li>Doskona\u0142e umiej\u0119tno\u015bci organizacyjne, analityczne oraz my\u015blenie strategiczne;<\/li>\n<li>Kreatywno\u015b\u0107, dyspozycyjno\u015b\u0107, umiej\u0119tno\u015b\u0107 pracy w zespole i pod presj\u0105 czasu.<\/li>\n<\/ol>\n<p><strong>OFERUJEMY:<\/strong><\/p>\n<ol>\n<li>Zatrudnienie w presti\u017cowej instytucji kultury w oparciu o umow\u0119 o prac\u0119;<\/li>\n<li>Stabilne warunki zatrudnienia;<\/li>\n<li>Dodatek za wieloletni\u0105 prac\u0119 w wysoko\u015bci o 5% do 20% wynagrodzenia zasadniczego, w zale\u017cno\u015bci od udokumentowanego sta\u017cu pracy;<\/li>\n<li>Nagrody jubileuszowe;<\/li>\n<li>Odpowiednie narz\u0119dzia pracy;<\/li>\n<li>Przyjazn\u0105 atmosfer\u0119 pracy oraz wsparcie naszego zespo\u0142u;<\/li>\n<li>Udzia\u0142 w kszta\u0142towaniu pozytywnego wizerunku Muzeum \u201ePami\u0119\u0107 i To\u017csamo\u015b\u0107\u201d im. \u015bw. Jana Paw\u0142a II;<\/li>\n<li>Mo\u017cliwo\u015b\u0107 udzia\u0142u w ciekawych wydarzeniach kulturalnych.<\/li>\n<\/ol>\n<p><strong>WYMAGANE DOKUMENTY:<\/strong><\/p>\n<p>* kopie dokument\u00f3w potwierdzaj\u0105cych spe\u0142nienie wymagania niezb\u0119dnego w zakresie wykszta\u0142cenia oraz do\u015bwiadczenia zawodowego;&nbsp;<br>* list motywacyjny oraz CV \u2013 opatrzone w\u0142asnor\u0119cznym podpisem wraz z klauzul\u0105:<\/p>\n<p><em>\u201eWyra\u017cam zgod\u0119 na przetwarzanie moich danych osobowych zawartych w dokumentach aplikacyjnych dla cel\u00f3w prowadzonego przez Muzeum \u201ePami\u0119\u0107 i To\u017csamo\u015b\u0107\u201d im. \u015bw. Jana Paw\u0142a II procesu rekrutacji na stanowisko wskazane w og\u0142oszeniu. Zosta\u0142em\/Zosta\u0142am poinformowany\/poinformowana, \u017ce wyra\u017cenie zgody jest dobrowolne oraz \u017ce mam prawo do wycofania zgody w dowolnym momencie, a wycofanie zgody nie wp\u0142ywa na zgodno\u015b\u0107 z prawem przetwarzania, kt\u00f3rego dokonano na jej podstawie przed jej wycofaniem. Jednocze\u015bnie o\u015bwiadczam, \u017ce zapozna\u0142em\/zapozna\u0142am si\u0119 z klauzul\u0105 informacyjn\u0105 dotycz\u0105c\u0105 przetwarzania danych osobowych zgodnie z Rozporz\u0105dzeniem Parlamentu Europejskiego i Rady z dnia 27 kwietnia 2016 r., zamieszczon\u0105 na stronie internetowej Muzeum b\u0105d\u017a na portalu rekrutacyjnym, na kt\u00f3rym zamieszczone zosta\u0142o og\u0142oszenie o naborze\u201d.<\/em><\/p>\n<p>Termin i miejsce sk\u0142adania dokument\u00f3w:&nbsp;<br>* dokumenty nale\u017cy z\u0142o\u017cy\u0107 do dnia 14 marca 2025<strong>&nbsp;<\/strong>&nbsp;<br>* decyduje data wp\u0142ywu oferty do Muzeum&nbsp;<br>* dokumenty mo\u017cna z\u0142o\u017cy\u0107:<br>&nbsp; &nbsp;w formie papierowej \u2013 osobi\u015bcie w zamkni\u0119tej kopercie lub przes\u0142a\u0107 poczt\u0105 na adres: Muzeum Pami\u0119\u0107 i To\u017csamo\u015b\u0107 im. \u015bw. Jana Paw\u0142a II ul. Droga Starotoru\u0144ska 3, 87-100 Toru\u0144;<\/p>\n<p>LUB<\/p>\n<p>w formie elektronicznej \u2013 na adres mailowy: rekrutacja@muzeumpamiecitozsamosc.pl&nbsp;<br>Na kopercie b\u0105d\u017a w tytule maila prosimy o wpisanie: \u201eOferta pracy \u2013 G\u0142\u00f3wna ksi\u0119gowa\/G\u0142\u00f3wny ksi\u0119gowy\u201d.&nbsp;<\/p>\n<p>Procedura naboru:<br>* Proces rekrutacji na wy\u017cej wymienione stanowisko b\u0119dzie dwuetapowy.<br>* I Etap \u2013 weryfikacja formalna nades\u0142anych ofert \u2013 do drugiego etapu zaproszeni zostan\u0105 kandydaci, kt\u00f3rzy spe\u0142niaj\u0105 wszystkie wymagania formalne.&nbsp;<br>* II Etap \u2013 rozmowa kwalifikacyjna.<\/p>\n<p>Dodatkowe informacje:<br>* Aplikacje z\u0142o\u017cone po wskazanym terminie b\u0105d\u017a niekompletne, nie b\u0119d\u0105 rozpatrywane.&nbsp;<br>* Muzeum zastrzega sobie prawo odwo\u0142ania lub przed\u0142u\u017cenia procedury naboru w ka\u017cdym terminie.&nbsp;<br>* Muzeum zastrzega sobie prawo niewybrania \u017cadnego z kandydat\u00f3w.<\/p>\n<\/article>\n<\/section>\t\t\t\t\t\t\t\t<\/div>\n\t\t\t\t<\/div>\n\t\t\t\t<div class=\"elementor-element elementor-element-22f4896 elementor-widget-divider--view-line elementor-widget elementor-widget-divider\" data-id=\"22f4896\" data-element_type=\"widget\" data-widget_type=\"divider.default\">\n\t\t\t\t<div class=\"elementor-widget-container\">\n\t\t\t\t\t\t\t<div class=\"elementor-divider\">\n\t\t\t<span class=\"elementor-divider-separator\">\n\t\t\t\t\t\t<\/span>\n\t\t<\/div>\n\t\t\t\t\t\t<\/div>\n\t\t\t\t<\/div>\n\t\t\t\t<div class=\"elementor-element elementor-element-c61169c elementor-widget elementor-widget-text-editor\" data-id=\"c61169c\" data-element_type=\"widget\" data-widget_type=\"text-editor.default\">\n\t\t\t\t<div class=\"elementor-widget-container\">\n\t\t\t\t\t\t\t\t\t<p><strong>Aplikacje prosimy sk\u0142ada\u0107 pod adresem:<\/strong><\/p><p>Muzeum Pami\u0119\u0107 i To\u017csamo\u015b\u0107 im. \u015bw. Jana Paw\u0142a II<\/p><p>ul. Droga Starotoru\u0144ska 3, 87-100 Toru\u0144<br \/><br \/>lub e-mailowo: rekrutacja@muzeumpamiecitozsamosc.pl<\/p>\t\t\t\t\t\t\t\t<\/div>\n\t\t\t\t<\/div>\n\t\t\t\t<\/div>\n\t\t<div class=\"elementor-element elementor-element-dae6d81 e-flex e-con-boxed e-con e-parent\" data-id=\"dae6d81\" data-element_type=\"container\">\n\t\t\t\t\t<div class=\"e-con-inner\">\n\t\t\t\t<div class=\"elementor-element elementor-element-be2cfd8 elementor-post-navigation-borders-yes elementor-widget elementor-widget-post-navigation\" data-id=\"be2cfd8\" data-element_type=\"widget\" data-widget_type=\"post-navigation.default\">\n\t\t\t\t<div class=\"elementor-widget-container\">\n\t\t\t\t\t\t\t<div class=\"elementor-post-navigation\" role=\"navigation\" aria-label=\"Nawigacja wpisu\">\n\t\t\t<div class=\"elementor-post-navigation__prev elementor-post-navigation__link\">\n\t\t\t\t<a href=\"https:\/\/muzeumpamiecitozsamosc.pl\/index.php\/2025\/01\/16\/specjalista-do-dzialu-promocji-i-marketingu\/\" rel=\"prev\"><span class=\"post-navigation__arrow-wrapper post-navigation__arrow-prev\"><svg aria-hidden=\"true\" class=\"e-font-icon-svg e-fas-angle-left\" viewBox=\"0 0 256 512\" xmlns=\"http:\/\/www.w3.org\/2000\/svg\"><path d=\"M31.7 239l136-136c9.4-9.4 24.6-9.4 33.9 0l22.6 22.6c9.4 9.4 9.4 24.6 0 33.9L127.9 256l96.4 96.4c9.4 9.4 9.4 24.6 0 33.9L201.7 409c-9.4 9.4-24.6 9.4-33.9 0l-136-136c-9.5-9.4-9.5-24.6-.1-34z\"><\/path><\/svg><span class=\"elementor-screen-only\">Prev<\/span><\/span><span class=\"elementor-post-navigation__link__prev\"><span class=\"post-navigation__prev--label\">Poprzedni<\/span><span class=\"post-navigation__prev--title\">Specjalista do Dzia\u0142u Promocji i Marketingu<\/span><\/span><\/a>\t\t\t<\/div>\n\t\t\t\t\t\t\t<div class=\"elementor-post-navigation__separator-wrapper\">\n\t\t\t\t\t<div class=\"elementor-post-navigation__separator\"><\/div>\n\t\t\t\t<\/div>\n\t\t\t\t\t\t<div class=\"elementor-post-navigation__next elementor-post-navigation__link\">\n\t\t\t\t<a href=\"https:\/\/muzeumpamiecitozsamosc.pl\/index.php\/2025\/02\/17\/grafik\/\" rel=\"next\"><span class=\"elementor-post-navigation__link__next\"><span class=\"post-navigation__next--label\">Nast\u0119pny<\/span><span class=\"post-navigation__next--title\">Grafik<\/span><\/span><span class=\"post-navigation__arrow-wrapper post-navigation__arrow-next\"><svg aria-hidden=\"true\" class=\"e-font-icon-svg e-fas-angle-right\" viewBox=\"0 0 256 512\" xmlns=\"http:\/\/www.w3.org\/2000\/svg\"><path d=\"M224.3 273l-136 136c-9.4 9.4-24.6 9.4-33.9 0l-22.6-22.6c-9.4-9.4-9.4-24.6 0-33.9l96.4-96.4-96.4-96.4c-9.4-9.4-9.4-24.6 0-33.9L54.3 103c9.4-9.4 24.6-9.4 33.9 0l136 136c9.5 9.4 9.5 24.6.1 34z\"><\/path><\/svg><span class=\"elementor-screen-only\">Nast\u0119pny<\/span><\/span><\/a>\t\t\t<\/div>\n\t\t<\/div>\n\t\t\t\t\t\t<\/div>\n\t\t\t\t<\/div>\n\t\t\t\t\t<\/div>\n\t\t\t\t<\/div>\n\t\t\t\t<\/div>\n\t\t","protected":false},"excerpt":{"rendered":"<p>Nab\u00f3r zako\u0144czony wyborem kandydata: Agnieszka Sia\u0142kowska Termin sk\u0142adania aplikacji: 14.03.2025 r. dokumenty nale\u017cy dostarczy\u0107 w zamkni\u0119tej kopercie do dnia 14.03.2025 r.. poczt\u0105 na adres: Muzeum Pami\u0119\u0107 i To\u017csamo\u015b\u0107 im. \u015bw. Jana Paw\u0142a II ul. Droga Starotoru\u0144ska 3, 87-100 Toru\u0144 (decyduje data faktycznego wp\u0142ywu do Muzeum). Muzeum \u201ePami\u0119\u0107 i To\u017csamo\u015b\u0107\u201d im. \u015bw. Jana Paw\u0142a II (w [&hellip;]<\/p>\n","protected":false},"author":3,"featured_media":0,"comment_status":"closed","ping_status":"open","sticky":false,"template":"","format":"standard","meta":{"_acf_changed":false,"footnotes":""},"categories":[31],"tags":[],"class_list":["post-3155","post","type-post","status-publish","format-standard","hentry","category-archiwum-2025"],"acf":[],"_links":{"self":[{"href":"https:\/\/muzeumpamiecitozsamosc.pl\/index.php\/wp-json\/wp\/v2\/posts\/3155","targetHints":{"allow":["GET"]}}],"collection":[{"href":"https:\/\/muzeumpamiecitozsamosc.pl\/index.php\/wp-json\/wp\/v2\/posts"}],"about":[{"href":"https:\/\/muzeumpamiecitozsamosc.pl\/index.php\/wp-json\/wp\/v2\/types\/post"}],"author":[{"embeddable":true,"href":"https:\/\/muzeumpamiecitozsamosc.pl\/index.php\/wp-json\/wp\/v2\/users\/3"}],"replies":[{"embeddable":true,"href":"https:\/\/muzeumpamiecitozsamosc.pl\/index.php\/wp-json\/wp\/v2\/comments?post=3155"}],"version-history":[{"count":28,"href":"https:\/\/muzeumpamiecitozsamosc.pl\/index.php\/wp-json\/wp\/v2\/posts\/3155\/revisions"}],"predecessor-version":[{"id":5026,"href":"https:\/\/muzeumpamiecitozsamosc.pl\/index.php\/wp-json\/wp\/v2\/posts\/3155\/revisions\/5026"}],"wp:attachment":[{"href":"https:\/\/muzeumpamiecitozsamosc.pl\/index.php\/wp-json\/wp\/v2\/media?parent=3155"}],"wp:term":[{"taxonomy":"category","embeddable":true,"href":"https:\/\/muzeumpamiecitozsamosc.pl\/index.php\/wp-json\/wp\/v2\/categories?post=3155"},{"taxonomy":"post_tag","embeddable":true,"href":"https:\/\/muzeumpamiecitozsamosc.pl\/index.php\/wp-json\/wp\/v2\/tags?post=3155"}],"curies":[{"name":"wp","href":"https:\/\/api.w.org\/{rel}","templated":true}]}}