{"id":3310,"date":"2025-02-17T18:14:47","date_gmt":"2025-02-17T17:14:47","guid":{"rendered":"https:\/\/muzeumpamiecitozsamosc.pl\/?p=3310"},"modified":"2025-03-26T12:39:33","modified_gmt":"2025-03-26T11:39:33","slug":"grafik","status":"publish","type":"post","link":"https:\/\/muzeumpamiecitozsamosc.pl\/index.php\/2025\/02\/17\/grafik\/","title":{"rendered":"Grafik"},"content":{"rendered":"\t\t<div data-elementor-type=\"wp-post\" data-elementor-id=\"3310\" class=\"elementor elementor-3310\" data-elementor-post-type=\"post\">\n\t\t\t\t<div class=\"elementor-element elementor-element-7c704fc e-flex e-con-boxed e-con e-parent\" data-id=\"7c704fc\" data-element_type=\"container\">\n\t\t\t\t\t<div class=\"e-con-inner\">\n\t\t\t\t<div class=\"elementor-element elementor-element-a458b2c elementor-widget elementor-widget-text-editor\" data-id=\"a458b2c\" data-element_type=\"widget\" data-widget_type=\"text-editor.default\">\n\t\t\t\t<div class=\"elementor-widget-container\">\n\t\t\t\t\t\t\t\t\t<p>Nab\u00f3r zako\u0144czony bez wy\u0142onienia kandydata do zatrudnienia.<\/p>\t\t\t\t\t\t\t\t<\/div>\n\t\t\t\t<\/div>\n\t\t\t\t\t<\/div>\n\t\t\t\t<\/div>\n\t\t<div class=\"elementor-element elementor-element-f12c7df e-flex e-con-boxed e-con e-parent\" data-id=\"f12c7df\" data-element_type=\"container\" data-settings=\"{&quot;background_background&quot;:&quot;classic&quot;}\">\n\t\t\t\t\t<div class=\"e-con-inner\">\n\t\t<div class=\"elementor-element elementor-element-c8e64b9 e-con-full e-flex e-con e-child\" data-id=\"c8e64b9\" data-element_type=\"container\">\n\t\t\t\t<div class=\"elementor-element elementor-element-137ffe7 elementor-widget__width-auto elementor-widget elementor-widget-text-editor\" data-id=\"137ffe7\" data-element_type=\"widget\" data-widget_type=\"text-editor.default\">\n\t\t\t\t<div class=\"elementor-widget-container\">\n\t\t\t\t\t\t\t\t\t<p>Termin sk\u0142adania aplikacji:<\/p>\t\t\t\t\t\t\t\t<\/div>\n\t\t\t\t<\/div>\n\t\t\t\t<div class=\"elementor-element elementor-element-1bd5037 elementor-widget elementor-widget-text-editor\" data-id=\"1bd5037\" data-element_type=\"widget\" data-widget_type=\"text-editor.default\">\n\t\t\t\t<div class=\"elementor-widget-container\">\n\t\t\t\t\t\t\t\t\t<p>28.02.2025 r.<\/p>\t\t\t\t\t\t\t\t<\/div>\n\t\t\t\t<\/div>\n\t\t\t\t<\/div>\n\t\t<div class=\"elementor-element elementor-element-08c0331 e-con-full e-flex e-con e-child\" data-id=\"08c0331\" data-element_type=\"container\">\n\t\t\t\t<div class=\"elementor-element elementor-element-a236cfc elementor-widget__width-auto elementor-widget elementor-widget-text-editor\" data-id=\"a236cfc\" data-element_type=\"widget\" data-widget_type=\"text-editor.default\">\n\t\t\t\t<div class=\"elementor-widget-container\">\n\t\t\t\t\t\t\t\t\t<p>dokumenty nale\u017cy dostarczy\u0107 w zamkni\u0119tej kopercie do dnia 28.02.2025 r..<\/p><p>poczt\u0105 na adres: Muzeum Pami\u0119\u0107 i To\u017csamo\u015b\u0107 im. \u015bw. Jana Paw\u0142a II ul. Droga Starotoru\u0144ska 3, 87-100 Toru\u0144 (decyduje data faktycznego wp\u0142ywu do Muzeum).<\/p>\t\t\t\t\t\t\t\t<\/div>\n\t\t\t\t<\/div>\n\t\t\t\t<\/div>\n\t\t\t\t\t<\/div>\n\t\t\t\t<\/div>\n\t\t<div class=\"elementor-element elementor-element-e212222 e-flex e-con-boxed e-con e-parent\" data-id=\"e212222\" data-element_type=\"container\" data-settings=\"{&quot;background_background&quot;:&quot;classic&quot;}\">\n\t\t\t\t\t<div class=\"e-con-inner\">\n\t\t\t\t<div class=\"elementor-element elementor-element-ff91534 elementor-widget elementor-widget-heading\" data-id=\"ff91534\" data-element_type=\"widget\" data-widget_type=\"heading.default\">\n\t\t\t\t<div class=\"elementor-widget-container\">\n\t\t\t\t\t<h4 class=\"elementor-heading-title elementor-size-default\">Muzeum \u201ePami\u0119\u0107 i To\u017csamo\u015b\u0107\u201d im. \u015bw. Jana Paw\u0142a II (w organizacji)\n\nZaprasza do rekrutacji na stanowisko:\nGrafik\n<\/h4>\t\t\t\t<\/div>\n\t\t\t\t<\/div>\n\t\t\t\t\t<\/div>\n\t\t\t\t<\/div>\n\t\t<div class=\"elementor-element elementor-element-5e3e471 e-con-full e-flex e-con e-parent\" data-id=\"5e3e471\" data-element_type=\"container\">\n\t\t\t\t<div class=\"elementor-element elementor-element-fd473aa elementor-widget elementor-widget-text-editor\" data-id=\"fd473aa\" data-element_type=\"widget\" data-widget_type=\"text-editor.default\">\n\t\t\t\t<div class=\"elementor-widget-container\">\n\t\t\t\t\t\t\t\t\t<section><article><p>Miejsce pracy: Toru\u0144 (mo\u017cliwo\u015b\u0107 wykonywania pracy zdalnej)<\/p><p>Forma zatrudnienia: umowa o prac\u0119<\/p><p>Wymiar etatu:\u00a0pe\u0142en etat<\/p><p>Czas pracy: zadaniowy<\/p><p><u>OPIS STANOWISKA:\u00a0<\/u><\/p><p>Muzeum \u201ePami\u0119\u0107 i To\u017csamo\u015b\u0107\u201d im. \u015bw. Jana Paw\u0142a II poszukuje do\u015bwiadczonego grafika, kt\u00f3ry b\u0119dzie odpowiedzialny za kompleksowe zarz\u0105dzanie identyfikacj\u0105 wizualn\u0105 Muzeum. Poszukujemy osoby kreatywnej, z umiej\u0119tno\u015bci\u0105 pracy w zespole, kt\u00f3ra zadba o sp\u00f3jno\u015b\u0107 wizerunku instytucji i b\u0119dzie wsp\u00f3\u0142tworzy\u0107 materia\u0142y promocyjne na potrzeby r\u00f3\u017cnych kana\u0142\u00f3w komunikacji.<\/p><ul><li>Tworzenie i rozwijanie identyfikacji wizualnej Muzeum oraz wydarze\u0144 organizowanych przez instytucj\u0119.<\/li><li>Projektowanie materia\u0142\u00f3w promocyjnych do druku oraz na potrzeby social media i stron internetowych.<\/li><li>Opracowanie grafik do newsletter\u00f3w, ulotek, katalog\u00f3w, plakat\u00f3w, baner\u00f3w i innych materia\u0142\u00f3w reklamowych.<\/li><li>Przygotowywanie kompleksowych projekt\u00f3w wystaw czasowych w Muzeum<\/li><li>Projektowanie i przygotowanie plik\u00f3w graficznych do druku zgodnie z wymaganiami technicznymi.<\/li><li>Projektowanie nadruku oraz grafik na pami\u0105tki dost\u0119pne w sklepie Muzeum.<\/li><li>Prowadzenie wizualnej oprawy przestrzeni Muzeum (oznakowania, tablice informacyjne).<\/li><li>Wsp\u00f3\u0142praca z drukarniami, dostawcami us\u0142ug reklamowych i innymi partnerami.<\/li><li>Wsparcie zespo\u0142u Muzeum w zakresie projekt\u00f3w graficznych.<\/li><li>Przygotowanie dokumentacji zwi\u0105zanej z zam\u00f3wieniami publicznymi (PZP)<\/li><\/ul><p><u>\u00a0<\/u><\/p><p><u>WYMAGANIA:<\/u><\/p><p>Osoba ubiegaj\u0105ca si\u0119 o w\/w stanowisko, powinna spe\u0142nia\u0107 kryteria zgodne z art. 54 Ustawy z dnia 27 sierpnia 2009 r. o finansach publicznych (tekst jednolity Dz.U.2023.1270);<\/p><p>Ponadto osoba ubiegaj\u0105ca si\u0119 o w\/w stanowisko, powinna spe\u0142nia\u0107 nast\u0119puj\u0105ce kryteria:<\/p><p>\u00a0<\/p><ul><li>Wykszta\u0142cenie \u015brednie lub wy\u017csze artystyczne (grafika, projektowanie graficzne lub pokrewne).<\/li><li>Bardzo dobra znajomo\u015b\u0107 pakietu Adobe (Illustrator, InDesign, Photoshop).<\/li><li>Umiej\u0119tno\u015b\u0107 sk\u0142adu i przygotowania projekt\u00f3w do druku (DTP).<\/li><li>Do\u015bwiadczenie w tworzeniu identyfikacji wizualnej oraz pracy projektowej.<\/li><li>Znajomo\u015b\u0107 zasad typografii i kompozycji graficznej.<\/li><\/ul><ul><li>Kreatywno\u015b\u0107, estetyczne wyczucie oraz umiej\u0119tno\u015b\u0107 dostosowania projekt\u00f3w do r\u00f3\u017cnych format\u00f3w.<\/li><li>Znajomo\u015b\u0107 narz\u0119dzi do tworzenia animacji i grafik multimedialnych.<\/li><li>Dobra organizacja pracy i terminowo\u015b\u0107.<\/li><li>Znajomo\u015b\u0107 regulacji dotycz\u0105cych funkcjonowania instytucji kultury oraz przepis\u00f3w PZP b\u0119dzie dodatkowym atutem.<\/li><li>Bieg\u0142a znajomo\u015b\u0107 pakietu MS Office (Excel, Word).<\/li><li>Korzystanie z pe\u0142ni praw publicznych.<\/li><li>Niekaralno\u015b\u0107 za umy\u015blne przest\u0119pstwo lub przest\u0119pstwo skarbowe.<br \/><br \/><\/li><\/ul><p><u>OFERUJEMY:<\/u><\/p><ol><li>Stabilne zatrudnienie w presti\u017cowej instytucji kultury<\/li><li>Mo\u017cliwo\u015b\u0107 cz\u0119\u015bciowej pracy zdalnej<\/li><li>Atrakcyjne wynagrodzenie oraz system dodatk\u00f3w:<\/li><li>Dodatek za wieloletni\u0105 prac\u0119 (5\u201320% wynagrodzenia zasadniczego)<\/li><li>Nagrody jubileuszowe<\/li><li>Dost\u0119p do profesjonalnych narz\u0119dzi pracy<\/li><li>Mo\u017cliwo\u015b\u0107 rozwoju zawodowego i realizacji kreatywnych projekt\u00f3w<\/li><li>Przyjazn\u0105 atmosfer\u0119 pracy w zespole pasjonat\u00f3w<\/li><li>Udzia\u0142 w wyj\u0105tkowych wydarzeniach kulturalnych<br \/><br \/><\/li><\/ol><p><u>WYMAGANE DOKUMENTY:<\/u><\/p><ul><li>Portfolio z wykonanymi projektami graficznymi.<\/li><li>Kopie dokument\u00f3w potwierdzaj\u0105cych wykszta\u0142cenie i do\u015bwiadczenie zawodowe.<\/li><li>Klauzula zgody na przetwarzanie danych osobowych:<\/li><\/ul><p>\u201eWyra\u017cam zgod\u0119 na przetwarzanie moich danych osobowych zawartych w dokumentach aplikacyjnych dla cel\u00f3w prowadzonego przez Muzeum \u201ePami\u0119\u0107 i To\u017csamo\u015b\u0107\u201d im. \u015bw. Jana Paw\u0142a II procesu rekrutacji na stanowisko wskazane w og\u0142oszeniu. Zosta\u0142em\/Zosta\u0142am poinformowany\/poinformowana, \u017ce wyra\u017cenie zgody jest dobrowolne oraz \u017ce mam prawo do wycofania zgody w dowolnym momencie, a wycofanie zgody nie wp\u0142ywa na zgodno\u015b\u0107 z prawem przetwarzania, kt\u00f3rego dokonano na jej podstawie przed jej wycofaniem. Jednocze\u015bnie o\u015bwiadczam, \u017ce zapozna\u0142em\/zapozna\u0142am si\u0119 z klauzul\u0105 informacyjn\u0105 dotycz\u0105c\u0105 przetwarzania danych osobowych zgodnie z Rozporz\u0105dzeniem Parlamentu Europejskiego i Rady z dnia 27 kwietnia 2016 r.\u201d<\/p><p>\u00a0<\/p><p><u>Termin i miejsce sk\u0142adania dokument\u00f3w:<\/u><\/p><ul><li>Termin nadsy\u0142ania zg\u0142osze\u0144: 28 lutego 2025 r. (decyduje data wp\u0142ywu).<\/li><li>Dokumenty mo\u017cna z\u0142o\u017cy\u0107:<\/li><li>Osobi\u015bcie lub poczt\u0105: Muzeum \u201ePami\u0119\u0107 i To\u017csamo\u015b\u0107\u201d im. \u015bw. Jana Paw\u0142a II, ul. Droga Starotoru\u0144ska 3, 87-100 Toru\u0144 (z dopiskiem \u201eOferta pracy \u2013 Grafik\u201d).<\/li><li>E-mailowo: <a href=\"mailto:rekrutacja@muzeumpamiecitozsamosc.pl\">rekrutacja@muzeumpamiecitozsamosc.pl<\/a> (w tytule maila: \u201eOferta pracy \u2013 Grafik\u201d).<\/li><\/ul><p>\u00a0<\/p><p><u>Proces rekrutacji:<\/u><\/p><p>\u00a0<\/p><p>Rekrutacja b\u0119dzie trzyetapowa:<\/p><ol><li>Weryfikacja formalna dokument\u00f3w oraz ocena portfolio.<\/li><li>Rozmowa kwalifikacyjna z wybranymi kandydatami.<\/li><li>Zadanie rekrutacyjne \u2013 wykonanie projektu graficznego wed\u0142ug wytycznych Muzeum.<br \/><br \/><\/li><\/ol><p>Dodatkowe informacje:<\/p><ul><li>Aplikacje niekompletne lub przes\u0142ane po terminie nie b\u0119d\u0105 rozpatrywane.<\/li><li>Muzeum zastrzega sobie prawo do uniewa\u017cnienia rekrutacji lub jej przed\u0142u\u017cenia.<\/li><li>Mo\u017cliwo\u015b\u0107 kontaktu w sprawie dodatkowych informacji: <a href=\"mailto:rekrutacja@muzeumpamiecitozsamosc.pl\">rekrutacja@muzeumpamiecitozsamosc.pl<\/a><\/li><\/ul><\/article><\/section>\t\t\t\t\t\t\t\t<\/div>\n\t\t\t\t<\/div>\n\t\t\t\t<div class=\"elementor-element elementor-element-22f4896 elementor-widget-divider--view-line elementor-widget elementor-widget-divider\" data-id=\"22f4896\" data-element_type=\"widget\" data-widget_type=\"divider.default\">\n\t\t\t\t<div class=\"elementor-widget-container\">\n\t\t\t\t\t\t\t<div class=\"elementor-divider\">\n\t\t\t<span class=\"elementor-divider-separator\">\n\t\t\t\t\t\t<\/span>\n\t\t<\/div>\n\t\t\t\t\t\t<\/div>\n\t\t\t\t<\/div>\n\t\t\t\t<div class=\"elementor-element elementor-element-c61169c elementor-widget elementor-widget-text-editor\" data-id=\"c61169c\" data-element_type=\"widget\" data-widget_type=\"text-editor.default\">\n\t\t\t\t<div class=\"elementor-widget-container\">\n\t\t\t\t\t\t\t\t\t<p><strong>Aplikacje prosimy sk\u0142ada\u0107 pod adresem:<\/strong><\/p><p>Muzeum Pami\u0119\u0107 i To\u017csamo\u015b\u0107 im. \u015bw. Jana Paw\u0142a II<\/p><p>ul. Droga Starotoru\u0144ska 3, 87-100 Toru\u0144<br \/><br \/>lub e-mailowo: rekrutacja@muzeumpamiecitozsamosc.pl<\/p>\t\t\t\t\t\t\t\t<\/div>\n\t\t\t\t<\/div>\n\t\t\t\t<\/div>\n\t\t<div class=\"elementor-element elementor-element-dae6d81 e-flex e-con-boxed e-con e-parent\" data-id=\"dae6d81\" data-element_type=\"container\">\n\t\t\t\t\t<div class=\"e-con-inner\">\n\t\t\t\t<div class=\"elementor-element elementor-element-be2cfd8 elementor-post-navigation-borders-yes elementor-widget elementor-widget-post-navigation\" data-id=\"be2cfd8\" data-element_type=\"widget\" data-widget_type=\"post-navigation.default\">\n\t\t\t\t<div class=\"elementor-widget-container\">\n\t\t\t\t\t\t\t<div class=\"elementor-post-navigation\" role=\"navigation\" aria-label=\"Nawigacja wpisu\">\n\t\t\t<div class=\"elementor-post-navigation__prev elementor-post-navigation__link\">\n\t\t\t\t<a href=\"https:\/\/muzeumpamiecitozsamosc.pl\/index.php\/2025\/02\/07\/glowna-ksiegowa-glowny-ksiegowy\/\" rel=\"prev\"><span class=\"post-navigation__arrow-wrapper post-navigation__arrow-prev\"><svg aria-hidden=\"true\" class=\"e-font-icon-svg e-fas-angle-left\" viewBox=\"0 0 256 512\" xmlns=\"http:\/\/www.w3.org\/2000\/svg\"><path d=\"M31.7 239l136-136c9.4-9.4 24.6-9.4 33.9 0l22.6 22.6c9.4 9.4 9.4 24.6 0 33.9L127.9 256l96.4 96.4c9.4 9.4 9.4 24.6 0 33.9L201.7 409c-9.4 9.4-24.6 9.4-33.9 0l-136-136c-9.5-9.4-9.5-24.6-.1-34z\"><\/path><\/svg><span class=\"elementor-screen-only\">Prev<\/span><\/span><span class=\"elementor-post-navigation__link__prev\"><span class=\"post-navigation__prev--label\">Poprzedni<\/span><span class=\"post-navigation__prev--title\">G\u0142\u00f3wna ksi\u0119gowa\/G\u0142\u00f3wny ksi\u0119gowy<\/span><\/span><\/a>\t\t\t<\/div>\n\t\t\t\t\t\t\t<div class=\"elementor-post-navigation__separator-wrapper\">\n\t\t\t\t\t<div class=\"elementor-post-navigation__separator\"><\/div>\n\t\t\t\t<\/div>\n\t\t\t\t\t\t<div class=\"elementor-post-navigation__next elementor-post-navigation__link\">\n\t\t\t\t<a href=\"https:\/\/muzeumpamiecitozsamosc.pl\/index.php\/2025\/03\/03\/powtorzone-adiunkt-do-dzialu-naukowo-tworczego\/\" rel=\"next\"><span class=\"elementor-post-navigation__link__next\"><span class=\"post-navigation__next--label\">Nast\u0119pny<\/span><span class=\"post-navigation__next--title\">Powt\u00f3rzone-Adiunkt do dzia\u0142u Naukowo-Tw\u00f3rczego<\/span><\/span><span class=\"post-navigation__arrow-wrapper post-navigation__arrow-next\"><svg aria-hidden=\"true\" class=\"e-font-icon-svg e-fas-angle-right\" viewBox=\"0 0 256 512\" xmlns=\"http:\/\/www.w3.org\/2000\/svg\"><path d=\"M224.3 273l-136 136c-9.4 9.4-24.6 9.4-33.9 0l-22.6-22.6c-9.4-9.4-9.4-24.6 0-33.9l96.4-96.4-96.4-96.4c-9.4-9.4-9.4-24.6 0-33.9L54.3 103c9.4-9.4 24.6-9.4 33.9 0l136 136c9.5 9.4 9.5 24.6.1 34z\"><\/path><\/svg><span class=\"elementor-screen-only\">Nast\u0119pny<\/span><\/span><\/a>\t\t\t<\/div>\n\t\t<\/div>\n\t\t\t\t\t\t<\/div>\n\t\t\t\t<\/div>\n\t\t\t\t\t<\/div>\n\t\t\t\t<\/div>\n\t\t\t\t<\/div>\n\t\t","protected":false},"excerpt":{"rendered":"<p>Nab\u00f3r zako\u0144czony bez wy\u0142onienia kandydata do zatrudnienia. Termin sk\u0142adania aplikacji: 28.02.2025 r. dokumenty nale\u017cy dostarczy\u0107 w zamkni\u0119tej kopercie do dnia 28.02.2025 r.. poczt\u0105 na adres: Muzeum Pami\u0119\u0107 i To\u017csamo\u015b\u0107 im. \u015bw. Jana Paw\u0142a II ul. Droga Starotoru\u0144ska 3, 87-100 Toru\u0144 (decyduje data faktycznego wp\u0142ywu do Muzeum). Muzeum \u201ePami\u0119\u0107 i To\u017csamo\u015b\u0107\u201d im. \u015bw. Jana Paw\u0142a II [&hellip;]<\/p>\n","protected":false},"author":3,"featured_media":0,"comment_status":"closed","ping_status":"open","sticky":false,"template":"","format":"standard","meta":{"_acf_changed":false,"footnotes":""},"categories":[31],"tags":[],"class_list":["post-3310","post","type-post","status-publish","format-standard","hentry","category-archiwum-2025"],"acf":[],"_links":{"self":[{"href":"https:\/\/muzeumpamiecitozsamosc.pl\/index.php\/wp-json\/wp\/v2\/posts\/3310","targetHints":{"allow":["GET"]}}],"collection":[{"href":"https:\/\/muzeumpamiecitozsamosc.pl\/index.php\/wp-json\/wp\/v2\/posts"}],"about":[{"href":"https:\/\/muzeumpamiecitozsamosc.pl\/index.php\/wp-json\/wp\/v2\/types\/post"}],"author":[{"embeddable":true,"href":"https:\/\/muzeumpamiecitozsamosc.pl\/index.php\/wp-json\/wp\/v2\/users\/3"}],"replies":[{"embeddable":true,"href":"https:\/\/muzeumpamiecitozsamosc.pl\/index.php\/wp-json\/wp\/v2\/comments?post=3310"}],"version-history":[{"count":10,"href":"https:\/\/muzeumpamiecitozsamosc.pl\/index.php\/wp-json\/wp\/v2\/posts\/3310\/revisions"}],"predecessor-version":[{"id":3923,"href":"https:\/\/muzeumpamiecitozsamosc.pl\/index.php\/wp-json\/wp\/v2\/posts\/3310\/revisions\/3923"}],"wp:attachment":[{"href":"https:\/\/muzeumpamiecitozsamosc.pl\/index.php\/wp-json\/wp\/v2\/media?parent=3310"}],"wp:term":[{"taxonomy":"category","embeddable":true,"href":"https:\/\/muzeumpamiecitozsamosc.pl\/index.php\/wp-json\/wp\/v2\/categories?post=3310"},{"taxonomy":"post_tag","embeddable":true,"href":"https:\/\/muzeumpamiecitozsamosc.pl\/index.php\/wp-json\/wp\/v2\/tags?post=3310"}],"curies":[{"name":"wp","href":"https:\/\/api.w.org\/{rel}","templated":true}]}}