{"id":4487,"date":"2025-04-17T15:11:08","date_gmt":"2025-04-17T13:11:08","guid":{"rendered":"https:\/\/muzeumpamiecitozsamosc.pl\/?p=4487"},"modified":"2025-05-14T19:36:08","modified_gmt":"2025-05-14T17:36:08","slug":"koncert-nie-ma-jak-u-mamy-29-maja-2025","status":"publish","type":"post","link":"https:\/\/muzeumpamiecitozsamosc.pl\/index.php\/2025\/04\/17\/koncert-nie-ma-jak-u-mamy-29-maja-2025\/","title":{"rendered":"Koncert &#8222;Nie ma jak u Mamy&#8221; \/\/ 29 maja 2025"},"content":{"rendered":"\t\t<div data-elementor-type=\"wp-post\" data-elementor-id=\"4487\" class=\"elementor elementor-4487\" data-elementor-post-type=\"post\">\n\t\t\t\t<div class=\"elementor-element elementor-element-ba5989c e-flex e-con-boxed e-con e-parent\" data-id=\"ba5989c\" data-element_type=\"container\">\n\t\t\t\t\t<div class=\"e-con-inner\">\n\t\t\t\t<div class=\"elementor-element elementor-element-3c80263 elementor-widget-tablet__width-initial elementor-widget-mobile__width-initial elementor-widget elementor-widget-text-editor\" data-id=\"3c80263\" data-element_type=\"widget\" data-widget_type=\"text-editor.default\">\n\t\t\t\t<div class=\"elementor-widget-container\">\n\t\t\t\t\t\t\t\t\t<h5 data-start=\"0\" data-end=\"137\">\ud83c\udfbc KONCERT Z OKAZJI DNIA MATKI<br data-start=\"145\" data-end=\"148\" \/><strong data-start=\"148\" data-end=\"206\">\u201eNie ma jak u mamy\u201d \u2013 muzyczny ho\u0142d dla wszystkich Mam<\/strong><\/h5><p class=\"\" style=\"letter-spacing: normal; caret-color: #000000; color: #000000;\" data-start=\"208\" data-end=\"435\">Z okazji Dnia Matki zapraszamy na wyj\u0105tkowy spektakl s\u0142owno-muzyczny pe\u0142en ciep\u0142a, wzrusze\u0144 i pi\u0119knej muzyki. Koncert \u201eNie ma jak u mamy\u201d to sentymentalna podr\u00f3\u017c przez utwory dedykowane Matce \u2013 tej ziemskiej i tej niebia\u0144skiej.<\/p><p class=\"\" style=\"letter-spacing: normal; caret-color: #000000; color: #000000;\" data-start=\"437\" data-end=\"449\">W programie:<\/p><p class=\"\" style=\"letter-spacing: normal; caret-color: #000000; color: #000000;\" data-start=\"451\" data-end=\"765\">\ud83c\udfb5 Najpi\u0119kniejsze opracowania \u201eAve Maria\u201d Bacha\/Gounoda i Cacciniego<br data-start=\"519\" data-end=\"522\" \/>\ud83c\udfb5 Pie\u015bni maryjne i utwory w ho\u0142dzie \u015bw. Janowi Paw\u0142owi II<br data-start=\"580\" data-end=\"583\" \/>\ud83c\udfb5 Wzruszaj\u0105ce kompozycje o matce, m.in. \u201eDo Ciebie, mamo\u201d, \u201eJedynie serce Matki\u201d, \u201eNie ma jak u mamy\u201d<br data-start=\"685\" data-end=\"688\" \/>\ud83c\udfb5 Operowe i operetkowe przeboje oraz znane melodie, kt\u00f3re nuci\u0142y pokolenia<\/p><p class=\"\" style=\"letter-spacing: normal; caret-color: #000000; color: #000000;\" data-start=\"767\" data-end=\"1097\">Wyst\u0105pi\u0105:<br data-start=\"776\" data-end=\"779\" \/>\ud83c\udf1f Ma\u0142gorzata Krajewska, Ewa Warta-\u015amietana, Paulina Dybowska, Ma\u0142gorzata Ratajczak \u2013 sopran i mezzosopran<br data-start=\"885\" data-end=\"888\" \/>\ud83c\udf1f Nazar Kachala, Janusz Ratajczak, Xiongfeng Huang \u2013 tenorzy<br data-start=\"949\" data-end=\"952\" \/>\ud83c\udf1f Krzysztof Marczak \u2013 baryton<br data-start=\"982\" data-end=\"985\" \/>\ud83c\udfbb Orkiestra\u00a0<strong data-start=\"998\" data-end=\"1026\">Sinfonietta Pro Classica<\/strong>\u00a0pod batut\u0105\u00a0<strong data-start=\"1038\" data-end=\"1057\">Orlina Bebenowa<\/strong><br data-start=\"1057\" data-end=\"1060\" \/>\ud83c\udf99 Prowadzenie:\u00a0<strong data-start=\"1076\" data-end=\"1097\">Wiktoria Adamczyk<\/strong><\/p><p class=\"\" style=\"letter-spacing: normal; caret-color: #000000; color: #000000;\" data-start=\"1099\" data-end=\"1206\">\ud83d\udcc5 29 maja 2025 r., godz. 19:00<br data-start=\"1130\" data-end=\"1133\" \/>\ud83d\udccd Audytorium Muzeum \u201ePami\u0119\u0107 i To\u017csamo\u015b\u0107\u201d im. \u015bw. Jana Paw\u0142a II w Toruniu<\/p><p class=\"\" style=\"letter-spacing: normal; caret-color: #000000; color: #000000;\" data-start=\"1208\" data-end=\"1317\">\ud83c\udf9f Bilety:<br data-start=\"1218\" data-end=\"1221\" \/>\u27a1 Ulgowy: 50 z\u0142<br data-start=\"1236\" data-end=\"1239\" \/>\u27a1 Normalny: 70 z\u0142<br data-start=\"1256\" data-end=\"1259\" \/>\ud83d\uded2 Dost\u0119pne w kasach biletowych Muzeum i <a href=\"https:\/\/bilety.muzeumpamiecitozsamosc.pl\/rezerwacja\/termin.html?y=2025&amp;m=5&amp;back=1&amp;idw=57\">w zak\u0142adce\u00a0<strong data-start=\"1304\" data-end=\"1317\">KUP BILET<\/strong><\/a><\/p><p data-start=\"1319\" data-end=\"1432\"><a href=\"https:\/\/muzeumpamiecitozsamosc.pl\/wp-content\/uploads\/2025\/05\/Zarzadzenie_20_2025_Koncert_Nie-ma-jak-u-mamy.pdf\">Regulamin koncertu<\/a><\/p><p class=\"\" style=\"letter-spacing: normal; caret-color: #000000; color: #000000;\" data-start=\"1319\" data-end=\"1432\">Sp\u0119d\u017a ten wyj\u0105tkowy wiecz\u00f3r z muzyk\u0105, kt\u00f3ra porusza serca! \ud83d\udc90<\/p>\t\t\t\t\t\t\t\t<\/div>\n\t\t\t\t<\/div>\n\t\t\t\t\t<\/div>\n\t\t\t\t<\/div>\n\t\t<div class=\"elementor-element elementor-element-a957702 e-flex e-con-boxed e-con e-parent\" data-id=\"a957702\" data-element_type=\"container\">\n\t\t\t\t\t<div class=\"e-con-inner\">\n\t\t\t\t<div class=\"elementor-element elementor-element-7a9573d elementor-widget elementor-widget-gallery\" data-id=\"7a9573d\" data-element_type=\"widget\" data-settings=\"{&quot;gallery_layout&quot;:&quot;masonry&quot;,&quot;columns&quot;:2,&quot;lazyload&quot;:&quot;yes&quot;,&quot;columns_tablet&quot;:2,&quot;columns_mobile&quot;:1,&quot;gap&quot;:{&quot;unit&quot;:&quot;px&quot;,&quot;size&quot;:10,&quot;sizes&quot;:[]},&quot;gap_tablet&quot;:{&quot;unit&quot;:&quot;px&quot;,&quot;size&quot;:10,&quot;sizes&quot;:[]},&quot;gap_mobile&quot;:{&quot;unit&quot;:&quot;px&quot;,&quot;size&quot;:10,&quot;sizes&quot;:[]},&quot;link_to&quot;:&quot;file&quot;,&quot;overlay_background&quot;:&quot;yes&quot;,&quot;content_hover_animation&quot;:&quot;fade-in&quot;}\" data-widget_type=\"gallery.default\">\n\t\t\t\t<div class=\"elementor-widget-container\">\n\t\t\t\t\t\t\t<div class=\"elementor-gallery__container\">\n\t\t\t\t\t\t\t<a class=\"e-gallery-item elementor-gallery-item elementor-animated-content\" href=\"https:\/\/muzeumpamiecitozsamosc.pl\/wp-content\/uploads\/2025\/04\/MPiT_Koncert-DM_plakat-online-2.png\" data-elementor-open-lightbox=\"yes\" data-elementor-lightbox-slideshow=\"7a9573d\" data-elementor-lightbox-title=\"Koncert - plakat\" data-e-action-hash=\"#elementor-action%3Aaction%3Dlightbox%26settings%3DeyJpZCI6NDUwMywidXJsIjoiaHR0cHM6XC9cL211emV1bXBhbWllY2l0b3pzYW1vc2MucGxcL3dwLWNvbnRlbnRcL3VwbG9hZHNcLzIwMjVcLzA0XC9NUGlUX0tvbmNlcnQtRE1fcGxha2F0LW9ubGluZS0yLnBuZyIsInNsaWRlc2hvdyI6IjdhOTU3M2QifQ%3D%3D\">\n\t\t\t\t\t<div class=\"e-gallery-image elementor-gallery-item__image\" data-thumbnail=\"https:\/\/muzeumpamiecitozsamosc.pl\/wp-content\/uploads\/2025\/04\/MPiT_Koncert-DM_plakat-online-2.png\" data-width=\"1920\" data-height=\"2743\" aria-label=\"\" role=\"img\" ><\/div>\n\t\t\t\t\t\t\t\t\t\t\t<div class=\"elementor-gallery-item__overlay\"><\/div>\n\t\t\t\t\t\t\t\t\t\t\t\t\t\t<\/a>\n\t\t\t\t\t<\/div>\n\t\t\t\t\t<\/div>\n\t\t\t\t<\/div>\n\t\t\t\t\t<\/div>\n\t\t\t\t<\/div>\n\t\t\t\t<\/div>\n\t\t","protected":false},"excerpt":{"rendered":"<p>Wyj\u0105tkowy spektakl s\u0142owno-muzyczny z okazji Dnia Matki! 29 maja w naszym Audytorium!<\/p>\n","protected":false},"author":8,"featured_media":4494,"comment_status":"closed","ping_status":"closed","sticky":false,"template":"","format":"standard","meta":{"_acf_changed":false,"footnotes":""},"categories":[7],"tags":[],"class_list":["post-4487","post","type-post","status-publish","format-standard","has-post-thumbnail","hentry","category-wydarzenia"],"acf":[],"_links":{"self":[{"href":"https:\/\/muzeumpamiecitozsamosc.pl\/index.php\/wp-json\/wp\/v2\/posts\/4487","targetHints":{"allow":["GET"]}}],"collection":[{"href":"https:\/\/muzeumpamiecitozsamosc.pl\/index.php\/wp-json\/wp\/v2\/posts"}],"about":[{"href":"https:\/\/muzeumpamiecitozsamosc.pl\/index.php\/wp-json\/wp\/v2\/types\/post"}],"author":[{"embeddable":true,"href":"https:\/\/muzeumpamiecitozsamosc.pl\/index.php\/wp-json\/wp\/v2\/users\/8"}],"replies":[{"embeddable":true,"href":"https:\/\/muzeumpamiecitozsamosc.pl\/index.php\/wp-json\/wp\/v2\/comments?post=4487"}],"version-history":[{"count":9,"href":"https:\/\/muzeumpamiecitozsamosc.pl\/index.php\/wp-json\/wp\/v2\/posts\/4487\/revisions"}],"predecessor-version":[{"id":4847,"href":"https:\/\/muzeumpamiecitozsamosc.pl\/index.php\/wp-json\/wp\/v2\/posts\/4487\/revisions\/4847"}],"wp:featuredmedia":[{"embeddable":true,"href":"https:\/\/muzeumpamiecitozsamosc.pl\/index.php\/wp-json\/wp\/v2\/media\/4494"}],"wp:attachment":[{"href":"https:\/\/muzeumpamiecitozsamosc.pl\/index.php\/wp-json\/wp\/v2\/media?parent=4487"}],"wp:term":[{"taxonomy":"category","embeddable":true,"href":"https:\/\/muzeumpamiecitozsamosc.pl\/index.php\/wp-json\/wp\/v2\/categories?post=4487"},{"taxonomy":"post_tag","embeddable":true,"href":"https:\/\/muzeumpamiecitozsamosc.pl\/index.php\/wp-json\/wp\/v2\/tags?post=4487"}],"curies":[{"name":"wp","href":"https:\/\/api.w.org\/{rel}","templated":true}]}}