{"id":4515,"date":"2025-04-17T16:28:36","date_gmt":"2025-04-17T14:28:36","guid":{"rendered":"https:\/\/muzeumpamiecitozsamosc.pl\/?p=4515"},"modified":"2025-04-24T12:35:40","modified_gmt":"2025-04-24T10:35:40","slug":"mpitjpii-zp-03-04-2025-zo","status":"publish","type":"post","link":"https:\/\/muzeumpamiecitozsamosc.pl\/index.php\/2025\/04\/17\/mpitjpii-zp-03-04-2025-zo\/","title":{"rendered":"MPiTJPII\/ZP-03\/04\/2025\/ZO"},"content":{"rendered":"\t\t<div data-elementor-type=\"wp-post\" data-elementor-id=\"4515\" class=\"elementor elementor-4515\" data-elementor-post-type=\"post\">\n\t\t\t\t<div class=\"elementor-element elementor-element-d12ccb2 e-flex e-con-boxed e-con e-parent\" data-id=\"d12ccb2\" data-element_type=\"container\">\n\t\t\t\t\t<div class=\"e-con-inner\">\n\t\t\t\t<div class=\"elementor-element elementor-element-b609128 elementor-widget elementor-widget-text-editor\" data-id=\"b609128\" data-element_type=\"widget\" data-widget_type=\"text-editor.default\">\n\t\t\t\t<div class=\"elementor-widget-container\">\n\t\t\t\t\t\t\t\t\t<p><strong>Nazwa post\u0119powania:<\/strong> Us\u0142uga \u015bwiat\u0142a i wynajmu ekranu LED wraz z zapewnieniem niezb\u0119dnego sprz\u0119tu do realizacji<br \/>Koncertu z okazji Dnia Matki \u201eNie ma jak u mamy\u201d zaplanowany na dzie\u0144 29.05.2025 r. godz. 19:00 w audytorium Muzeum \u201ePami\u0119\u0107 i To\u017csamo\u015b\u0107\u201d im. \u015bw. Jana Paw\u0142a II (w organizacji) ul. Droga Starotoru\u0144ska 1A, 87-100 Toru\u0144.<\/p><p><strong>Znak sprawy:<\/strong>\u00a0MPiTJPII\/ZP-03\/04\/2025\/ZO<\/p><p><strong>Termin sk\u0142adania ofert:<\/strong> do dnia 24.04.2025 r. do godz. 12:00<\/p><p><a href=\"https:\/\/muzeumpamiecitozsamosc.pl\/wp-content\/uploads\/2025\/04\/Zapytanie-ofertowe-2.pdf\">Zapytanie ofertowe<\/a><\/p><p><a href=\"https:\/\/muzeumpamiecitozsamosc.pl\/wp-content\/uploads\/2025\/04\/Zal.-nr-1-Formularz-ofertowy-1.docx\">Za\u0142. nr 1 &#8211; Formularz ofertowy<\/a><\/p><p><a href=\"https:\/\/muzeumpamiecitozsamosc.pl\/wp-content\/uploads\/2025\/04\/Zal.-nr-2-Wykaz-uslug-1.docx\">Za\u0142. nr 2 &#8211; Wykaz us\u0142ug<\/a><\/p><p><a href=\"https:\/\/muzeumpamiecitozsamosc.pl\/wp-content\/uploads\/2025\/04\/Zal.-nr-3-Program-1.docx\">Za\u0142. nr 3 &#8211; Program<\/a><\/p><p><a href=\"https:\/\/muzeumpamiecitozsamosc.pl\/wp-content\/uploads\/2025\/04\/Zal.-nr-4-Wzor-umowy-1.docx\">Za\u0142. nr 4 &#8211; Wz\u00f3r umowy<\/a><\/p><p><a href=\"https:\/\/muzeumpamiecitozsamosc.pl\/wp-content\/uploads\/2025\/04\/Wyjasnienie-do-tresci_Zapytania-ofertowego-z-dn-22.04.2025-r.pdf\">Wyja\u015bnienie do tre\u015bci_Zapytania ofertowego z dn 22.04.2025 r<\/a><\/p><p><strong><a href=\"https:\/\/muzeumpamiecitozsamosc.pl\/wp-content\/uploads\/2025\/04\/Informacja-o-wyborze-oferty.pdf\">Informacja o wyborze oferty<\/a><\/strong><\/p>\t\t\t\t\t\t\t\t<\/div>\n\t\t\t\t<\/div>\n\t\t\t\t\t<\/div>\n\t\t\t\t<\/div>\n\t\t\t\t<\/div>\n\t\t","protected":false},"excerpt":{"rendered":"<p>Nazwa post\u0119powania: Us\u0142uga \u015bwiat\u0142a i wynajmu ekranu LED wraz z zapewnieniem niezb\u0119dnego sprz\u0119tu do realizacjiKoncertu z okazji Dnia Matki \u201eNie ma jak u mamy\u201d zaplanowany na dzie\u0144 29.05.2025 r. godz. 19:00 w audytorium Muzeum \u201ePami\u0119\u0107 i To\u017csamo\u015b\u0107\u201d im. \u015bw. Jana Paw\u0142a II (w organizacji) ul. Droga Starotoru\u0144ska 1A, 87-100 Toru\u0144. Znak sprawy:\u00a0MPiTJPII\/ZP-03\/04\/2025\/ZO Termin sk\u0142adania ofert: [&hellip;]<\/p>\n","protected":false},"author":1,"featured_media":0,"comment_status":"closed","ping_status":"closed","sticky":false,"template":"","format":"standard","meta":{"_acf_changed":false,"footnotes":""},"categories":[12],"tags":[],"class_list":["post-4515","post","type-post","status-publish","format-standard","hentry","category-zamowienia-publiczne"],"acf":[],"_links":{"self":[{"href":"https:\/\/muzeumpamiecitozsamosc.pl\/index.php\/wp-json\/wp\/v2\/posts\/4515","targetHints":{"allow":["GET"]}}],"collection":[{"href":"https:\/\/muzeumpamiecitozsamosc.pl\/index.php\/wp-json\/wp\/v2\/posts"}],"about":[{"href":"https:\/\/muzeumpamiecitozsamosc.pl\/index.php\/wp-json\/wp\/v2\/types\/post"}],"author":[{"embeddable":true,"href":"https:\/\/muzeumpamiecitozsamosc.pl\/index.php\/wp-json\/wp\/v2\/users\/1"}],"replies":[{"embeddable":true,"href":"https:\/\/muzeumpamiecitozsamosc.pl\/index.php\/wp-json\/wp\/v2\/comments?post=4515"}],"version-history":[{"count":9,"href":"https:\/\/muzeumpamiecitozsamosc.pl\/index.php\/wp-json\/wp\/v2\/posts\/4515\/revisions"}],"predecessor-version":[{"id":4588,"href":"https:\/\/muzeumpamiecitozsamosc.pl\/index.php\/wp-json\/wp\/v2\/posts\/4515\/revisions\/4588"}],"wp:attachment":[{"href":"https:\/\/muzeumpamiecitozsamosc.pl\/index.php\/wp-json\/wp\/v2\/media?parent=4515"}],"wp:term":[{"taxonomy":"category","embeddable":true,"href":"https:\/\/muzeumpamiecitozsamosc.pl\/index.php\/wp-json\/wp\/v2\/categories?post=4515"},{"taxonomy":"post_tag","embeddable":true,"href":"https:\/\/muzeumpamiecitozsamosc.pl\/index.php\/wp-json\/wp\/v2\/tags?post=4515"}],"curies":[{"name":"wp","href":"https:\/\/api.w.org\/{rel}","templated":true}]}}