{"id":5991,"date":"2025-07-28T15:21:34","date_gmt":"2025-07-28T13:21:34","guid":{"rendered":"https:\/\/muzeumpamiecitozsamosc.pl\/?p=5991"},"modified":"2025-07-28T15:21:34","modified_gmt":"2025-07-28T13:21:34","slug":"zmiana-godzin-otwarcia-muzeum-w-dniu-2-sierpnia-i-promocja-na-wystawe-czasowa","status":"publish","type":"post","link":"https:\/\/muzeumpamiecitozsamosc.pl\/index.php\/2025\/07\/28\/zmiana-godzin-otwarcia-muzeum-w-dniu-2-sierpnia-i-promocja-na-wystawe-czasowa\/","title":{"rendered":"Zmiana godzin otwarcia Muzeum w dniu 2 sierpnia i promocja na wystaw\u0119 czasow\u0105"},"content":{"rendered":"\t\t<div data-elementor-type=\"wp-post\" data-elementor-id=\"5991\" class=\"elementor elementor-5991\" data-elementor-post-type=\"post\">\n\t\t\t\t<div class=\"elementor-element elementor-element-59fef0c0 e-flex e-con-boxed e-con e-parent\" data-id=\"59fef0c0\" data-element_type=\"container\">\n\t\t\t\t\t<div class=\"e-con-inner\">\n\t\t\t\t<div class=\"elementor-element elementor-element-3ebf2a5f elementor-widget elementor-widget-text-editor\" data-id=\"3ebf2a5f\" data-element_type=\"widget\" data-widget_type=\"text-editor.default\">\n\t\t\t\t<div class=\"elementor-widget-container\">\n\t\t\t\t\t\t\t\t\t<div>W sobot\u0119, 2 sierpnia Muzeum b\u0119dzie wyj\u0105tkowo otwarte wcze\u015bniej \u2013 zapraszamy od godziny 9:00 (zamiast od 12:00) do 19:00.<\/div><div>\u00a0<\/div><div>Tego dnia przygotowali\u015bmy r\u00f3wnie\u017c mi\u0142\u0105 niespodziank\u0119 \u2013 bilet wst\u0119pu na wystaw\u0119 czasow\u0105 \u201eNie oddychaj zbyt g\u0142o\u015bno\u201d b\u0119dzie dost\u0119pny w promocyjnej cenie <strong>1 z\u0142<\/strong>.<\/div><div>\u00a0<\/div><div>Wi\u0119cej informacji o <a href=\"https:\/\/muzeumpamiecitozsamosc.pl\/index.php\/2025\/06\/30\/nie-oddychaj-zbyt-glosno-nowa-wystawa-od-11-czerwca-w-muzeum-pamiec-i-tozsamosc-11-06-2025-04-10-2025\/\">wystawie<\/a><\/div><div>\u00a0<\/div><div>Serdecznie zach\u0119camy do odwiedzin!<\/div><hr \/><h5><strong>\u00a0<\/strong><\/h5><h5><strong>Informacje szczeg\u00f3\u0142owe\u00a0<\/strong><\/h5><h5><img decoding=\"async\" class=\"emoji\" role=\"img\" draggable=\"false\" src=\"https:\/\/s.w.org\/images\/core\/emoji\/15.1.0\/svg\/1f4c5.svg\" alt=\"\ud83d\udcc5\" \/>\u00a0<strong>Data:<\/strong> 11 czerwca &#8211; 5 pa\u017adziernika 2025 r. | W godzinach otwarcia Muzeum <img decoding=\"async\" class=\"emoji\" role=\"img\" draggable=\"false\" src=\"https:\/\/s.w.org\/images\/core\/emoji\/15.1.0\/svg\/1f39f.svg\" alt=\"\ud83c\udf9f\" \/>\u00a0<strong>Bilety:<\/strong> 12,00 z\u0142 (normalne) | 8,00 z\u0142 (ulgowe) I <b>1 z\u0142 (bilet wakacyjny w ka\u017cd\u0105 \u015brod\u0119 do 30 wrze\u015bnia) | 6 z\u0142 (bilet grupowy normalny) | 4 z\u0142 (bilet grupowy ulgowy) grupa powinna liczy\u0107 min. 8 os\u00f3b<\/b>. Bilety do nabycia w kasach Muzeum oraz w zak\u0142adce <a href=\"https:\/\/bilety.muzeumpamiecitozsamosc.pl\/rezerwacja\/termin.html?idl=0&amp;idg=0&amp;idw=61\">KUP BILET<\/a><\/h5><p><img decoding=\"async\" class=\"emoji\" role=\"img\" draggable=\"false\" src=\"https:\/\/s.w.org\/images\/core\/emoji\/15.1.0\/svg\/1f4cd.svg\" alt=\"\ud83d\udccd\" \/> Miejsce: Muzeum \u201ePami\u0119\u0107 i To\u017csamo\u015b\u0107\u201d<\/p><p><a href=\"https:\/\/muzeumpamiecitozsamosc.pl\/wp-content\/uploads\/2025\/07\/Zarzadzenie_33_2025_Bilety-wakacyjne_Nie-oddychaj-zbyt-glosno.pdf\"><img decoding=\"async\" class=\"emoji\" role=\"img\" draggable=\"false\" src=\"https:\/\/s.w.org\/images\/core\/emoji\/15.1.0\/svg\/1f4c4.svg\" alt=\"\ud83d\udcc4\" \/> Regulamin<\/a><\/p>\t\t\t\t\t\t\t\t<\/div>\n\t\t\t\t<\/div>\n\t\t\t\t\t<\/div>\n\t\t\t\t<\/div>\n\t\t<div class=\"elementor-element elementor-element-6a9f8f3a e-flex e-con-boxed e-con e-parent\" data-id=\"6a9f8f3a\" data-element_type=\"container\">\n\t\t\t\t\t<div class=\"e-con-inner\">\n\t\t\t\t<div class=\"elementor-element elementor-element-5d28ea3f elementor-widget elementor-widget-image\" data-id=\"5d28ea3f\" data-element_type=\"widget\" data-widget_type=\"image.default\">\n\t\t\t\t<div class=\"elementor-widget-container\">\n\t\t\t\t\t\t\t\t\t\t\t\t\t\t\t\t<a href=\"https:\/\/muzeumpamiecitozsamosc.pl\/wp-content\/uploads\/2025\/06\/2025_MPiT_Wystawa_NOZG_plakat-online-1.png\" data-elementor-open-lightbox=\"yes\" data-elementor-lightbox-title=\"Plakat - wystawa\" data-e-action-hash=\"#elementor-action%3Aaction%3Dlightbox%26settings%3DeyJpZCI6NTM3NCwidXJsIjoiaHR0cHM6XC9cL211emV1bXBhbWllY2l0b3pzYW1vc2MucGxcL3dwLWNvbnRlbnRcL3VwbG9hZHNcLzIwMjVcLzA2XC8yMDI1X01QaVRfV3lzdGF3YV9OT1pHX3BsYWthdC1vbmxpbmUtMS5wbmcifQ%3D%3D\">\n\t\t\t\t\t\t\t<img decoding=\"async\" src=\"https:\/\/muzeumpamiecitozsamosc.pl\/wp-content\/uploads\/2025\/06\/2025_MPiT_Wystawa_NOZG_plakat-online-1.png\" class=\"attachment-full size-full wp-image-5374\" alt=\"\" \/>\t\t\t\t\t\t\t\t<\/a>\n\t\t\t\t\t\t\t\t\t\t\t\t\t\t\t<\/div>\n\t\t\t\t<\/div>\n\t\t\t\t\t<\/div>\n\t\t\t\t<\/div>\n\t\t<div class=\"elementor-element elementor-element-5c28001f e-flex e-con-boxed e-con e-parent\" data-id=\"5c28001f\" data-element_type=\"container\">\n\t\t\t\t\t<div class=\"e-con-inner\">\n\t\t\t\t<div class=\"elementor-element elementor-element-5cff2d3c elementor-widget elementor-widget-text-editor\" data-id=\"5cff2d3c\" data-element_type=\"widget\" data-widget_type=\"text-editor.default\">\n\t\t\t\t<div class=\"elementor-widget-container\">\n\t\t\t\t\t\t\t\t\t<p class=\"cvGsUA direction-ltr align-center para-style-body\"><strong><span class=\"OYPEnA font-feature-liga-off font-feature-clig-off font-feature-calt-off text-decoration-none text-strikethrough-none\">NIE ODDYCHAJ ZBYT G\u0141O\u015aNO<br \/><\/span><\/strong><span class=\"OYPEnA font-feature-liga-off font-feature-clig-off font-feature-calt-off text-decoration-none text-strikethrough-none\">Do\u015bwiadczenia \u017byd\u00f3w ukrywaj\u0105cych si\u0119 w okupowanej Polsce<\/span><\/p><p class=\"cvGsUA direction-ltr align-center para-style-body\"><strong><span class=\"OYPEnA font-feature-liga-off font-feature-clig-off font-feature-calt-off text-decoration-none text-strikethrough-none\">Kuratorzy wystawy: <\/span><\/strong><span class=\"OYPEnA font-feature-liga-off font-feature-clig-off font-feature-calt-off text-decoration-none text-strikethrough-none\">dr Jan Wi\u015bniewski (MPiT), <\/span><span class=\"OYPEnA font-feature-liga-off font-feature-clig-off font-feature-calt-off text-decoration-none text-strikethrough-none\">dr Anna \u0141ukaszewska (MPiT)<\/span><\/p><p><span class=\"OYPEnA font-feature-liga-off font-feature-clig-off font-feature-calt-off text-decoration-none text-strikethrough-none\"><strong>Projekt i wykonanie instalacji:<\/strong>\u00a0<\/span><\/p><p><img decoding=\"async\" class=\"alignnone size-medium wp-image-5442\" src=\"https:\/\/muzeumpamiecitozsamosc.pl\/wp-content\/uploads\/2025\/06\/LOGO_FORMA-300x150.png\" alt=\"\" width=\"300\" height=\"150\" srcset=\"https:\/\/muzeumpamiecitozsamosc.pl\/wp-content\/uploads\/2025\/06\/LOGO_FORMA-300x150.png 300w, https:\/\/muzeumpamiecitozsamosc.pl\/wp-content\/uploads\/2025\/06\/LOGO_FORMA.png 500w\" sizes=\"(max-width: 300px) 100vw, 300px\" \/><img decoding=\"async\" class=\"alignnone size-medium wp-image-5443\" src=\"https:\/\/muzeumpamiecitozsamosc.pl\/wp-content\/uploads\/2025\/06\/LOGO_IMERTON-300x150.png\" alt=\"\" width=\"300\" height=\"150\" srcset=\"https:\/\/muzeumpamiecitozsamosc.pl\/wp-content\/uploads\/2025\/06\/LOGO_IMERTON-300x150.png 300w, https:\/\/muzeumpamiecitozsamosc.pl\/wp-content\/uploads\/2025\/06\/LOGO_IMERTON.png 500w\" sizes=\"(max-width: 300px) 100vw, 300px\" \/><\/p><p><span class=\"OYPEnA font-feature-liga-off font-feature-clig-off font-feature-calt-off text-decoration-none text-strikethrough-none\"><b>\u00a0 \u00a0 \u00a0 \u00a0 \u00a0 \u00a0 \u00a0 \u00a0 \u00a0 \u00a0 \u00a0 \u00a0 \u00a0 \u00a0 \u00a0 \u00a0Gestem<\/b> Mariusz Maciejewski<\/span><\/p><p class=\"cvGsUA direction-ltr align-center para-style-body\"><strong><span class=\"OYPEnA font-feature-liga-off font-feature-clig-off font-feature-calt-off text-decoration-none text-strikethrough-none\">Projekt graficzny: <\/span><\/strong><span class=\"OYPEnA font-feature-liga-off font-feature-clig-off font-feature-calt-off text-decoration-none text-strikethrough-none\">Studio P2<\/span><\/p><p class=\"cvGsUA direction-ltr align-center para-style-body\"><strong><span class=\"OYPEnA font-feature-liga-off font-feature-clig-off font-feature-calt-off text-decoration-none text-strikethrough-none\">Realizacja filmu: <\/span><\/strong><span class=\"OYPEnA font-feature-liga-off font-feature-clig-off font-feature-calt-off text-decoration-none text-strikethrough-none\">MBFX Miros\u0142aw Basaj<\/span><\/p><p class=\"cvGsUA direction-ltr align-center para-style-body\"><strong><span class=\"OYPEnA font-feature-liga-off font-feature-clig-off font-feature-calt-off text-decoration-none text-strikethrough-none\">Redakcja tekst\u00f3w: <\/span><\/strong><span class=\"OYPEnA font-feature-liga-off font-feature-clig-off font-feature-calt-off text-decoration-none text-strikethrough-none\">Katarzyna Cegielska (MPiT)<\/span><\/p><p class=\"cvGsUA direction-ltr align-center para-style-body\"><strong><span class=\"OYPEnA font-feature-liga-off font-feature-clig-off font-feature-calt-off text-decoration-none text-strikethrough-none\">Realizacja d\u017awi\u0119ku: <\/span><\/strong><span class=\"OYPEnA font-feature-liga-off font-feature-clig-off font-feature-calt-off text-decoration-none text-strikethrough-none\">DAYDREAM STUDIO SP. Z O.O.<\/span><\/p><p><b>Patroni medialni:\u00a0<\/b><\/p><h5><img decoding=\"async\" class=\"alignnone wp-image-5449\" src=\"https:\/\/muzeumpamiecitozsamosc.pl\/wp-content\/uploads\/2025\/06\/PANEL-300x47.png\" alt=\"\" width=\"399\" height=\"62\" srcset=\"https:\/\/muzeumpamiecitozsamosc.pl\/wp-content\/uploads\/2025\/06\/PANEL-300x47.png 300w, https:\/\/muzeumpamiecitozsamosc.pl\/wp-content\/uploads\/2025\/06\/PANEL-1024x160.png 1024w, https:\/\/muzeumpamiecitozsamosc.pl\/wp-content\/uploads\/2025\/06\/PANEL-768x120.png 768w, https:\/\/muzeumpamiecitozsamosc.pl\/wp-content\/uploads\/2025\/06\/PANEL-1536x240.png 1536w, https:\/\/muzeumpamiecitozsamosc.pl\/wp-content\/uploads\/2025\/06\/PANEL.png 1600w\" sizes=\"(max-width: 399px) 100vw, 399px\" \/><\/h5>\t\t\t\t\t\t\t\t<\/div>\n\t\t\t\t<\/div>\n\t\t\t\t\t<\/div>\n\t\t\t\t<\/div>\n\t\t\t\t<\/div>\n\t\t","protected":false},"excerpt":{"rendered":"<p>W sobot\u0119, 2 sierpnia, Muzeum b\u0119dzie wyj\u0105tkowo otwarte wcze\u015bniej \u2013 zapraszamy od godziny 9:00 (zamiast od 12:00) do 19:00.<\/p>\n","protected":false},"author":7,"featured_media":3520,"comment_status":"closed","ping_status":"closed","sticky":false,"template":"","format":"standard","meta":{"_acf_changed":false,"footnotes":""},"categories":[6],"tags":[],"class_list":["post-5991","post","type-post","status-publish","format-standard","has-post-thumbnail","hentry","category-aktualnosci"],"acf":[],"_links":{"self":[{"href":"https:\/\/muzeumpamiecitozsamosc.pl\/index.php\/wp-json\/wp\/v2\/posts\/5991","targetHints":{"allow":["GET"]}}],"collection":[{"href":"https:\/\/muzeumpamiecitozsamosc.pl\/index.php\/wp-json\/wp\/v2\/posts"}],"about":[{"href":"https:\/\/muzeumpamiecitozsamosc.pl\/index.php\/wp-json\/wp\/v2\/types\/post"}],"author":[{"embeddable":true,"href":"https:\/\/muzeumpamiecitozsamosc.pl\/index.php\/wp-json\/wp\/v2\/users\/7"}],"replies":[{"embeddable":true,"href":"https:\/\/muzeumpamiecitozsamosc.pl\/index.php\/wp-json\/wp\/v2\/comments?post=5991"}],"version-history":[{"count":4,"href":"https:\/\/muzeumpamiecitozsamosc.pl\/index.php\/wp-json\/wp\/v2\/posts\/5991\/revisions"}],"predecessor-version":[{"id":5995,"href":"https:\/\/muzeumpamiecitozsamosc.pl\/index.php\/wp-json\/wp\/v2\/posts\/5991\/revisions\/5995"}],"wp:featuredmedia":[{"embeddable":true,"href":"https:\/\/muzeumpamiecitozsamosc.pl\/index.php\/wp-json\/wp\/v2\/media\/3520"}],"wp:attachment":[{"href":"https:\/\/muzeumpamiecitozsamosc.pl\/index.php\/wp-json\/wp\/v2\/media?parent=5991"}],"wp:term":[{"taxonomy":"category","embeddable":true,"href":"https:\/\/muzeumpamiecitozsamosc.pl\/index.php\/wp-json\/wp\/v2\/categories?post=5991"},{"taxonomy":"post_tag","embeddable":true,"href":"https:\/\/muzeumpamiecitozsamosc.pl\/index.php\/wp-json\/wp\/v2\/tags?post=5991"}],"curies":[{"name":"wp","href":"https:\/\/api.w.org\/{rel}","templated":true}]}}