{"id":6006,"date":"2025-07-30T17:14:16","date_gmt":"2025-07-30T15:14:16","guid":{"rendered":"https:\/\/muzeumpamiecitozsamosc.pl\/?p=6006"},"modified":"2025-07-30T17:14:16","modified_gmt":"2025-07-30T15:14:16","slug":"zloty-krzyz-zaslugi-dla-czlonkow-rady-muzeum-duma-pamiec-i-wdziecznosc","status":"publish","type":"post","link":"https:\/\/muzeumpamiecitozsamosc.pl\/index.php\/2025\/07\/30\/zloty-krzyz-zaslugi-dla-czlonkow-rady-muzeum-duma-pamiec-i-wdziecznosc\/","title":{"rendered":"Z\u0142oty Krzy\u017c Zas\u0142ugi dla cz\u0142onk\u00f3w Rady Muzeum \u2013 Duma, pami\u0119\u0107 i wdzi\u0119czno\u015b\u0107"},"content":{"rendered":"\t\t<div data-elementor-type=\"wp-post\" data-elementor-id=\"6006\" class=\"elementor elementor-6006\" data-elementor-post-type=\"post\">\n\t\t\t\t<div class=\"elementor-element elementor-element-39c0cddd e-flex e-con-boxed e-con e-parent\" data-id=\"39c0cddd\" data-element_type=\"container\">\n\t\t\t\t\t<div class=\"e-con-inner\">\n\t\t\t\t<div class=\"elementor-element elementor-element-186675fe elementor-widget-tablet__width-initial elementor-widget-mobile__width-initial elementor-widget elementor-widget-text-editor\" data-id=\"186675fe\" data-element_type=\"widget\" data-widget_type=\"text-editor.default\">\n\t\t\t\t<div class=\"elementor-widget-container\">\n\t\t\t\t\t\t\t\t\t<p>Z ogromn\u0105 rado\u015bci\u0105 i dum\u0105 dzielimy si\u0119 z Pa\u0144stwem wyj\u0105tkow\u0105 wiadomo\u015bci\u0105.<br \/>Cz\u0142onkowie Rady Muzeum \u201ePami\u0119\u0107 i To\u017csamo\u015b\u0107\u201d im. \u015bw. Jana Paw\u0142a II \u2013 <strong>Lidia Kochanowicz-Ma\u0144k<\/strong> oraz <strong>o. dr Maciej Sadowski CSsR<\/strong> \u2013 zostali uhonorowani <strong>Z\u0142otym Krzy\u017cem Zas\u0142ugi<\/strong> przez Prezydenta Rzeczypospolitej Polskiej, <strong>Andrzeja Dud\u0119<\/strong>.<\/p><p>Odznaczenie to przyznano za szczeg\u00f3lne zas\u0142ugi w piel\u0119gnowaniu chrze\u015bcija\u0144skiej to\u017csamo\u015bci, promowaniu historii Polski oraz zachowaniu naszego narodowego dziedzictwa kulturowego.<\/p><p>To wyr\u00f3\u017cnienie to nie tylko docenienie ich osobistego zaanga\u017cowania, ale tak\u017ce uhonorowanie ca\u0142ej wsp\u00f3lnoty tworz\u0105cej i wspieraj\u0105cej misj\u0119 naszego Muzeum. Jak przypomina\u0142 \u015bw. Jan Pawe\u0142 II:<\/p><p>\u201eNar\u00f3d, kt\u00f3ry nie zna swojej przesz\u0142o\u015bci, umiera i nie buduje przysz\u0142o\u015bci.\u201d<\/p><p>\u2013 Odbieram to odznaczenie jako wyr\u00f3\u017cnienie ca\u0142ego naszego \u015brodowiska \u2013 tych, kt\u00f3rzy uwierzyli, \u017ce takie muzeum jest potrzebne i \u017ce powinno przekazywa\u0107 kolejnym pokoleniom pami\u0119\u0107 i to\u017csamo\u015b\u0107 chrze\u015bcija\u0144skiej, katolickiej Polski \u2013 powiedzia\u0142a Lidia Kochanowicz-Ma\u0144k w rozmowie z TV Trwam.<\/p><p>Dzi\u0119kujemy Panu Prezydentowi za to wyj\u0105tkowe uhonorowanie. Dzi\u0119kujemy tak\u017ce wszystkim, kt\u00f3rzy wspieraj\u0105 nas w tej wa\u017cnej s\u0142u\u017cbie \u2013 s\u0142u\u017cbie pami\u0119ci, to\u017csamo\u015bci i prawdzie o naszych korzeniach.<\/p>\t\t\t\t\t\t\t\t<\/div>\n\t\t\t\t<\/div>\n\t\t\t\t\t<\/div>\n\t\t\t\t<\/div>\n\t\t\t\t<\/div>\n\t\t","protected":false},"excerpt":{"rendered":"<p>Z ogromn\u0105 rado\u015bci\u0105 i dum\u0105 dzielimy si\u0119 z Pa\u0144stwem wyj\u0105tkow\u0105 wiadomo\u015bci\u0105.<br \/>\nCz\u0142onkowie Rady Muzeum \u201ePami\u0119\u0107 i To\u017csamo\u015b\u0107\u201d im. \u015bw. Jana Paw\u0142a II \u2013 Lidia Kochanowicz-Ma\u0144k oraz o. dr Maciej Sadowski CSsR \u2013 zostali uhonorowani Z\u0142otym Krzy\u017cem Zas\u0142ugi przez Prezydenta Rzeczypospolitej Polskiej, Andrzeja Dud\u0119.<\/p>\n","protected":false},"author":7,"featured_media":6008,"comment_status":"closed","ping_status":"closed","sticky":false,"template":"","format":"standard","meta":{"_acf_changed":false,"footnotes":""},"categories":[6],"tags":[],"class_list":["post-6006","post","type-post","status-publish","format-standard","has-post-thumbnail","hentry","category-aktualnosci"],"acf":[],"_links":{"self":[{"href":"https:\/\/muzeumpamiecitozsamosc.pl\/index.php\/wp-json\/wp\/v2\/posts\/6006","targetHints":{"allow":["GET"]}}],"collection":[{"href":"https:\/\/muzeumpamiecitozsamosc.pl\/index.php\/wp-json\/wp\/v2\/posts"}],"about":[{"href":"https:\/\/muzeumpamiecitozsamosc.pl\/index.php\/wp-json\/wp\/v2\/types\/post"}],"author":[{"embeddable":true,"href":"https:\/\/muzeumpamiecitozsamosc.pl\/index.php\/wp-json\/wp\/v2\/users\/7"}],"replies":[{"embeddable":true,"href":"https:\/\/muzeumpamiecitozsamosc.pl\/index.php\/wp-json\/wp\/v2\/comments?post=6006"}],"version-history":[{"count":4,"href":"https:\/\/muzeumpamiecitozsamosc.pl\/index.php\/wp-json\/wp\/v2\/posts\/6006\/revisions"}],"predecessor-version":[{"id":6011,"href":"https:\/\/muzeumpamiecitozsamosc.pl\/index.php\/wp-json\/wp\/v2\/posts\/6006\/revisions\/6011"}],"wp:featuredmedia":[{"embeddable":true,"href":"https:\/\/muzeumpamiecitozsamosc.pl\/index.php\/wp-json\/wp\/v2\/media\/6008"}],"wp:attachment":[{"href":"https:\/\/muzeumpamiecitozsamosc.pl\/index.php\/wp-json\/wp\/v2\/media?parent=6006"}],"wp:term":[{"taxonomy":"category","embeddable":true,"href":"https:\/\/muzeumpamiecitozsamosc.pl\/index.php\/wp-json\/wp\/v2\/categories?post=6006"},{"taxonomy":"post_tag","embeddable":true,"href":"https:\/\/muzeumpamiecitozsamosc.pl\/index.php\/wp-json\/wp\/v2\/tags?post=6006"}],"curies":[{"name":"wp","href":"https:\/\/api.w.org\/{rel}","templated":true}]}}