{"id":7668,"date":"2025-12-18T10:39:15","date_gmt":"2025-12-18T09:39:15","guid":{"rendered":"https:\/\/muzeumpamiecitozsamosc.pl\/?p=7668"},"modified":"2025-12-18T10:45:04","modified_gmt":"2025-12-18T09:45:04","slug":"harmonogram-otwarcia-muzeum-w-okresie-swiateczno-noworocznym","status":"publish","type":"post","link":"https:\/\/muzeumpamiecitozsamosc.pl\/index.php\/2025\/12\/18\/harmonogram-otwarcia-muzeum-w-okresie-swiateczno-noworocznym\/","title":{"rendered":"Harmonogram otwarcia Muzeum w okresie \u015bwi\u0105teczno-noworocznym"},"content":{"rendered":"\t\t<div data-elementor-type=\"wp-post\" data-elementor-id=\"7668\" class=\"elementor elementor-7668\" data-elementor-post-type=\"post\">\n\t\t\t\t<div class=\"elementor-element elementor-element-053bc0b e-flex e-con-boxed e-con e-parent\" data-id=\"053bc0b\" data-element_type=\"container\">\n\t\t\t\t\t<div class=\"e-con-inner\">\n\t\t\t\t<div class=\"elementor-element elementor-element-5754402 elementor-widget elementor-widget-text-editor\" data-id=\"5754402\" data-element_type=\"widget\" data-widget_type=\"text-editor.default\">\n\t\t\t\t<div class=\"elementor-widget-container\">\n\t\t\t\t\t\t\t\t\t<p>Uprzejmie informujemy, \u017ce Muzeum b\u0119dzie zamkni\u0119te dla zwiedzaj\u0105cych w dniach: <strong>24 \u2013 26 grudnia<\/strong> oraz <strong>31 grudnia \u2013 1 stycznia<\/strong>.<\/p><p>Ponadto, zgodnie z obowi\u0105zuj\u0105cymi zasadami, Muzeum jest <strong>nieczynne w poniedzia\u0142ki<\/strong> &#8211; <strong>22 grudnia, 29 grudnia oraz 5 stycznia<\/strong>.<\/p><p>W pozosta\u0142e dni Muzeum jest <strong>czynne od wtorku do soboty (12:00 \u2013 19:00) w niedziele (9:00 \u2013 19:00)<\/strong><\/p><p><strong>6 stycznia<\/strong> Muzeum r\u00f3wnie\u017c jest otwarte dla zwiedzaj\u0105cych.<\/p><p>Serdecznie zapraszamy\u00a0<\/p>\t\t\t\t\t\t\t\t<\/div>\n\t\t\t\t<\/div>\n\t\t\t\t<div class=\"elementor-element elementor-element-c15c9ca elementor-grid-4 elementor-grid-tablet-2 elementor-grid-mobile-1 elementor-widget elementor-widget-portfolio\" data-id=\"c15c9ca\" data-element_type=\"widget\" data-settings=\"{&quot;columns&quot;:&quot;4&quot;,&quot;columns_tablet&quot;:&quot;2&quot;,&quot;columns_mobile&quot;:&quot;1&quot;,&quot;item_ratio&quot;:{&quot;unit&quot;:&quot;px&quot;,&quot;size&quot;:0.66,&quot;sizes&quot;:[]},&quot;item_gap&quot;:{&quot;unit&quot;:&quot;px&quot;,&quot;size&quot;:&quot;&quot;,&quot;sizes&quot;:[]},&quot;row_gap&quot;:{&quot;unit&quot;:&quot;px&quot;,&quot;size&quot;:&quot;&quot;,&quot;sizes&quot;:[]}}\" data-widget_type=\"portfolio.default\">\n\t\t\t\t<div class=\"elementor-widget-container\">\n\t\t\t\t\t\t\t<div class=\"elementor-portfolio elementor-grid elementor-posts-container\" role=\"list\">\n\t\t\t\t<article class=\"elementor-portfolio-item elementor-post  post-7294 post type-post status-publish format-standard has-post-thumbnail hentry category-uncategorized\" role=\"listitem\">\n\t\t\t<a class=\"elementor-post__thumbnail__link\" href=\"https:\/\/muzeumpamiecitozsamosc.pl\/index.php\/2025\/12\/03\/papiez-pielgrzym-jan-pawel-ii-na-znaczkach-pocztowych-swiata-ponownie-w-muzeum\/\">\n\t\t\t\t<div class=\"elementor-portfolio-item__img elementor-post__thumbnail\">\n\t\t\t<img fetchpriority=\"high\" decoding=\"async\" width=\"1920\" height=\"800\" src=\"https:\/\/muzeumpamiecitozsamosc.pl\/wp-content\/uploads\/2025\/12\/2025_MPiT_Wystawa-Znaczki_SliderWWW.png\" class=\"attachment-full size-full wp-image-7349\" alt=\"\" srcset=\"https:\/\/muzeumpamiecitozsamosc.pl\/wp-content\/uploads\/2025\/12\/2025_MPiT_Wystawa-Znaczki_SliderWWW.png 1920w, https:\/\/muzeumpamiecitozsamosc.pl\/wp-content\/uploads\/2025\/12\/2025_MPiT_Wystawa-Znaczki_SliderWWW-300x125.png 300w, https:\/\/muzeumpamiecitozsamosc.pl\/wp-content\/uploads\/2025\/12\/2025_MPiT_Wystawa-Znaczki_SliderWWW-1024x427.png 1024w, https:\/\/muzeumpamiecitozsamosc.pl\/wp-content\/uploads\/2025\/12\/2025_MPiT_Wystawa-Znaczki_SliderWWW-768x320.png 768w, https:\/\/muzeumpamiecitozsamosc.pl\/wp-content\/uploads\/2025\/12\/2025_MPiT_Wystawa-Znaczki_SliderWWW-1536x640.png 1536w\" sizes=\"(max-width: 1920px) 100vw, 1920px\" \/>\t\t<\/div>\n\t\t\t\t<div class=\"elementor-portfolio-item__overlay\">\n\t\t\t\t<h3 class=\"elementor-portfolio-item__title\">\n\t\tPAPIE\u017b PIELGRZYM \u2013 Jan Pawe\u0142 II na znaczkach pocztowych \u015bwiata &#8211; wystawa  ponownie w muzeum\t\t<\/h3>\n\t\t\t\t<\/div>\n\t\t\t\t<\/a>\n\t\t<\/article>\n\t\t\t\t<article class=\"elementor-portfolio-item elementor-post  post-7126 post type-post status-publish format-standard has-post-thumbnail hentry category-wydarzenia\" role=\"listitem\">\n\t\t\t<a class=\"elementor-post__thumbnail__link\" href=\"https:\/\/muzeumpamiecitozsamosc.pl\/index.php\/2025\/11\/20\/od-protestu-do-wolnosci-torun-w-historii-solidarnosci-1980-1989\/\">\n\t\t\t\t<div class=\"elementor-portfolio-item__img elementor-post__thumbnail\">\n\t\t\t<img decoding=\"async\" width=\"1920\" height=\"800\" src=\"https:\/\/muzeumpamiecitozsamosc.pl\/wp-content\/uploads\/2025\/11\/2025_MPiT_BanneryWWW-1920x800px.png\" class=\"attachment-full size-full wp-image-7135\" alt=\"\" srcset=\"https:\/\/muzeumpamiecitozsamosc.pl\/wp-content\/uploads\/2025\/11\/2025_MPiT_BanneryWWW-1920x800px.png 1920w, https:\/\/muzeumpamiecitozsamosc.pl\/wp-content\/uploads\/2025\/11\/2025_MPiT_BanneryWWW-1920x800px-300x125.png 300w, https:\/\/muzeumpamiecitozsamosc.pl\/wp-content\/uploads\/2025\/11\/2025_MPiT_BanneryWWW-1920x800px-1024x427.png 1024w, https:\/\/muzeumpamiecitozsamosc.pl\/wp-content\/uploads\/2025\/11\/2025_MPiT_BanneryWWW-1920x800px-768x320.png 768w, https:\/\/muzeumpamiecitozsamosc.pl\/wp-content\/uploads\/2025\/11\/2025_MPiT_BanneryWWW-1920x800px-1536x640.png 1536w\" sizes=\"(max-width: 1920px) 100vw, 1920px\" \/>\t\t<\/div>\n\t\t\t\t<div class=\"elementor-portfolio-item__overlay\">\n\t\t\t\t<h3 class=\"elementor-portfolio-item__title\">\n\t\tOd protestu do wolno\u015bci \u2014 Toru\u0144 w historii Solidarno\u015bci 1980-1989\t\t<\/h3>\n\t\t\t\t<\/div>\n\t\t\t\t<\/a>\n\t\t<\/article>\n\t\t\t\t<article class=\"elementor-portfolio-item elementor-post  post-7250 post type-post status-publish format-standard has-post-thumbnail hentry category-wydarzenia\" role=\"listitem\">\n\t\t\t<a class=\"elementor-post__thumbnail__link\" href=\"https:\/\/muzeumpamiecitozsamosc.pl\/index.php\/2025\/10\/19\/spektakl-stara-nowa-pastoralka\/\">\n\t\t\t\t<div class=\"elementor-portfolio-item__img elementor-post__thumbnail\">\n\t\t\t<img decoding=\"async\" width=\"1920\" height=\"800\" src=\"https:\/\/muzeumpamiecitozsamosc.pl\/wp-content\/uploads\/2025\/12\/Projekt-bez-nazwy185.jpg\" class=\"attachment-full size-full wp-image-7253\" alt=\"\" srcset=\"https:\/\/muzeumpamiecitozsamosc.pl\/wp-content\/uploads\/2025\/12\/Projekt-bez-nazwy185.jpg 1920w, https:\/\/muzeumpamiecitozsamosc.pl\/wp-content\/uploads\/2025\/12\/Projekt-bez-nazwy185-300x125.jpg 300w, https:\/\/muzeumpamiecitozsamosc.pl\/wp-content\/uploads\/2025\/12\/Projekt-bez-nazwy185-1024x427.jpg 1024w, https:\/\/muzeumpamiecitozsamosc.pl\/wp-content\/uploads\/2025\/12\/Projekt-bez-nazwy185-768x320.jpg 768w, https:\/\/muzeumpamiecitozsamosc.pl\/wp-content\/uploads\/2025\/12\/Projekt-bez-nazwy185-1536x640.jpg 1536w\" sizes=\"(max-width: 1920px) 100vw, 1920px\" \/>\t\t<\/div>\n\t\t\t\t<div class=\"elementor-portfolio-item__overlay\">\n\t\t\t\t<h3 class=\"elementor-portfolio-item__title\">\n\t\tSpektakl STARA-NOWA PASTORA\u0141KA\t\t<\/h3>\n\t\t\t\t<\/div>\n\t\t\t\t<\/a>\n\t\t<\/article>\n\t\t\t\t<article class=\"elementor-portfolio-item elementor-post  post-6771 post type-post status-publish format-standard has-post-thumbnail hentry category-wydarzenia\" role=\"listitem\">\n\t\t\t<a class=\"elementor-post__thumbnail__link\" href=\"https:\/\/muzeumpamiecitozsamosc.pl\/index.php\/2025\/10\/16\/noworoczna-gala-operetkowa-muzyczne-powitanie-nowego-roku\/\">\n\t\t\t\t<div class=\"elementor-portfolio-item__img elementor-post__thumbnail\">\n\t\t\t<img loading=\"lazy\" decoding=\"async\" width=\"1920\" height=\"800\" src=\"https:\/\/muzeumpamiecitozsamosc.pl\/wp-content\/uploads\/2025\/10\/2025_Koncert-Noworoczny_WWW.png\" class=\"attachment-full size-full wp-image-6774\" alt=\"\" srcset=\"https:\/\/muzeumpamiecitozsamosc.pl\/wp-content\/uploads\/2025\/10\/2025_Koncert-Noworoczny_WWW.png 1920w, https:\/\/muzeumpamiecitozsamosc.pl\/wp-content\/uploads\/2025\/10\/2025_Koncert-Noworoczny_WWW-300x125.png 300w, https:\/\/muzeumpamiecitozsamosc.pl\/wp-content\/uploads\/2025\/10\/2025_Koncert-Noworoczny_WWW-1024x427.png 1024w, https:\/\/muzeumpamiecitozsamosc.pl\/wp-content\/uploads\/2025\/10\/2025_Koncert-Noworoczny_WWW-768x320.png 768w, https:\/\/muzeumpamiecitozsamosc.pl\/wp-content\/uploads\/2025\/10\/2025_Koncert-Noworoczny_WWW-1536x640.png 1536w\" sizes=\"(max-width: 1920px) 100vw, 1920px\" \/>\t\t<\/div>\n\t\t\t\t<div class=\"elementor-portfolio-item__overlay\">\n\t\t\t\t<h3 class=\"elementor-portfolio-item__title\">\n\t\tNOWOROCZNA GALA OPERETKOWA \u2013 MUZYCZNE POWITANIE NOWEGO ROKU\t\t<\/h3>\n\t\t\t\t<\/div>\n\t\t\t\t<\/a>\n\t\t<\/article>\n\t\t\t\t<\/div>\n\t\t\t\t\t\t<\/div>\n\t\t\t\t<\/div>\n\t\t\t\t<div class=\"elementor-element elementor-element-20f0be0 elementor-widget elementor-widget-image\" data-id=\"20f0be0\" data-element_type=\"widget\" data-widget_type=\"image.default\">\n\t\t\t\t<div class=\"elementor-widget-container\">\n\t\t\t\t\t\t\t\t\t\t\t\t\t\t\t<img loading=\"lazy\" decoding=\"async\" width=\"800\" height=\"534\" src=\"https:\/\/muzeumpamiecitozsamosc.pl\/wp-content\/uploads\/2025\/12\/DJI_20251127140611_0004_D-1024x683.jpg\" class=\"attachment-large size-large wp-image-7312\" alt=\"\" srcset=\"https:\/\/muzeumpamiecitozsamosc.pl\/wp-content\/uploads\/2025\/12\/DJI_20251127140611_0004_D-1024x683.jpg 1024w, https:\/\/muzeumpamiecitozsamosc.pl\/wp-content\/uploads\/2025\/12\/DJI_20251127140611_0004_D-300x200.jpg 300w, https:\/\/muzeumpamiecitozsamosc.pl\/wp-content\/uploads\/2025\/12\/DJI_20251127140611_0004_D-768x512.jpg 768w, https:\/\/muzeumpamiecitozsamosc.pl\/wp-content\/uploads\/2025\/12\/DJI_20251127140611_0004_D-1536x1024.jpg 1536w, https:\/\/muzeumpamiecitozsamosc.pl\/wp-content\/uploads\/2025\/12\/DJI_20251127140611_0004_D-2048x1365.jpg 2048w\" sizes=\"(max-width: 800px) 100vw, 800px\" \/>\t\t\t\t\t\t\t\t\t\t\t\t\t\t\t<\/div>\n\t\t\t\t<\/div>\n\t\t\t\t\t<\/div>\n\t\t\t\t<\/div>\n\t\t\t\t<\/div>\n\t\t","protected":false},"excerpt":{"rendered":"<p>Uprzejmie informujemy, \u017ce Muzeum b\u0119dzie zamkni\u0119te dla zwiedzaj\u0105cych w dniach:<br \/>\n24\u201326 grudnia oraz 31 grudnia \u2013 1 stycznia<\/p>\n","protected":false},"author":7,"featured_media":7312,"comment_status":"closed","ping_status":"closed","sticky":false,"template":"","format":"standard","meta":{"_acf_changed":false,"footnotes":""},"categories":[6],"tags":[],"class_list":["post-7668","post","type-post","status-publish","format-standard","has-post-thumbnail","hentry","category-aktualnosci"],"acf":[],"_links":{"self":[{"href":"https:\/\/muzeumpamiecitozsamosc.pl\/index.php\/wp-json\/wp\/v2\/posts\/7668","targetHints":{"allow":["GET"]}}],"collection":[{"href":"https:\/\/muzeumpamiecitozsamosc.pl\/index.php\/wp-json\/wp\/v2\/posts"}],"about":[{"href":"https:\/\/muzeumpamiecitozsamosc.pl\/index.php\/wp-json\/wp\/v2\/types\/post"}],"author":[{"embeddable":true,"href":"https:\/\/muzeumpamiecitozsamosc.pl\/index.php\/wp-json\/wp\/v2\/users\/7"}],"replies":[{"embeddable":true,"href":"https:\/\/muzeumpamiecitozsamosc.pl\/index.php\/wp-json\/wp\/v2\/comments?post=7668"}],"version-history":[{"count":4,"href":"https:\/\/muzeumpamiecitozsamosc.pl\/index.php\/wp-json\/wp\/v2\/posts\/7668\/revisions"}],"predecessor-version":[{"id":7672,"href":"https:\/\/muzeumpamiecitozsamosc.pl\/index.php\/wp-json\/wp\/v2\/posts\/7668\/revisions\/7672"}],"wp:featuredmedia":[{"embeddable":true,"href":"https:\/\/muzeumpamiecitozsamosc.pl\/index.php\/wp-json\/wp\/v2\/media\/7312"}],"wp:attachment":[{"href":"https:\/\/muzeumpamiecitozsamosc.pl\/index.php\/wp-json\/wp\/v2\/media?parent=7668"}],"wp:term":[{"taxonomy":"category","embeddable":true,"href":"https:\/\/muzeumpamiecitozsamosc.pl\/index.php\/wp-json\/wp\/v2\/categories?post=7668"},{"taxonomy":"post_tag","embeddable":true,"href":"https:\/\/muzeumpamiecitozsamosc.pl\/index.php\/wp-json\/wp\/v2\/tags?post=7668"}],"curies":[{"name":"wp","href":"https:\/\/api.w.org\/{rel}","templated":true}]}}