{"id":7961,"date":"2026-01-18T11:39:34","date_gmt":"2026-01-18T10:39:34","guid":{"rendered":"https:\/\/muzeumpamiecitozsamosc.pl\/?p=7961"},"modified":"2026-03-17T08:13:20","modified_gmt":"2026-03-17T07:13:20","slug":"wieczor-mlodych-pianistow-koncert-fortepianowy","status":"publish","type":"post","link":"https:\/\/muzeumpamiecitozsamosc.pl\/index.php\/2026\/01\/18\/wieczor-mlodych-pianistow-koncert-fortepianowy\/","title":{"rendered":"Wiecz\u00f3r m\u0142odych pianist\u00f3w \u2013 koncert fortepianowy"},"content":{"rendered":"\t\t<div data-elementor-type=\"wp-post\" data-elementor-id=\"7961\" class=\"elementor elementor-7961\" data-elementor-post-type=\"post\">\n\t\t\t\t<div class=\"elementor-element elementor-element-1ca54e1 e-flex e-con-boxed e-con e-parent\" data-id=\"1ca54e1\" data-element_type=\"container\">\n\t\t\t\t\t<div class=\"e-con-inner\">\n\t\t\t\t<div class=\"elementor-element elementor-element-d5e713f elementor-widget elementor-widget-text-editor\" data-id=\"d5e713f\" data-element_type=\"widget\" data-widget_type=\"text-editor.default\">\n\t\t\t\t<div class=\"elementor-widget-container\">\n\t\t\t\t\t\t\t\t\t<p><strong>Wiecz\u00f3r m\u0142odych pianist\u00f3w \u2013 koncert fortepianowy<\/strong><\/p><p><strong>Muzeum Pami\u0119\u0107 i To\u017csamo\u015b\u0107 im. \u015bw. Jana Paw\u0142a II w Toruniu<\/strong><br \/>zaprasza na koncert fortepianowy z cyklu <strong>Wiecz\u00f3r m\u0142odych pianist\u00f3w<\/strong>, inauguruj\u0105cy now\u0105 seri\u0119 wydarze\u0144 muzycznych po\u015bwi\u0119conych tw\u00f3rczo\u015bci Fryderyka Chopina i promocji m\u0142odych, wybitnie utalentowanych pianist\u00f3w.<\/p><p>Podczas koncertu wyst\u0105pi\u0105 uczestnicy <strong>XIX Mi\u0119dzynarodowego Konkursu Pianistycznego im. Fryderyka Chopina<\/strong>, kt\u00f3ry odby\u0142 si\u0119 jesieni\u0105 2025 roku w Warszawie <strong>Yehuda Prokopowicz<\/strong> oraz <strong>Mateusz Dubiel.<\/strong><\/p><p>Koncert poprowadzi <strong>dr Agnieszka Brzezi\u0144ska<\/strong>, dyrektor O\u015brodka Chopinowskiego w Szafarni.<\/p><p><strong>\ud83c\udfbc Idea cyklu<\/strong><\/p><p>Koncert fortepianowy <strong>Wiecz\u00f3r m\u0142odych pianist\u00f3w<\/strong> jest pierwszym z co najmniej dw\u00f3ch wydarze\u0144 planowanych w ramach nowego cyklu muzycznego realizowanego w Muzeum Pami\u0119\u0107 i To\u017csamo\u015b\u0107.<\/p><p>Podczas koncertu ka\u017cdy z pianist\u00f3w zaprezentuje indywidualny recital trwaj\u0105cy oko\u0142o 40 minut. Wydarzenie poprzedz\u0105 kr\u00f3tkie wyst\u0119py uczni\u00f3w szk\u00f3\u0142 muzycznych, kt\u00f3rzy wykonaj\u0105 kilkuminutowe utwory fortepianowe, wprowadzaj\u0105c publiczno\u015b\u0107 w atmosfer\u0119 koncertu.<\/p><p><strong>\ud83c\udfb6 Wykonawcy<\/strong><\/p><p><strong>Yehuda Prokopowicz<\/strong><\/p><p>Urodzony 16 listopada 2005 roku pianista, nauk\u0119 gry na fortepianie rozpocz\u0105\u0142 w wieku 4 lat. Kszta\u0142ci\u0142 si\u0119 m.in. u prof. Stefana Wojtasa, a obecnie jest studentem Akademii Muzycznej im. Krzysztofa Pendereckiego w Krakowie w klasie dr Krzysztofa Ksi\u0105\u017cka.<\/p><p>Laureat ponad 30 konkurs\u00f3w krajowych i mi\u0119dzynarodowych, w tym Grand Prix Konkursu im. I. J. Paderewskiego w Piotrkowie Trybunalskim. Uczestnik XIX Mi\u0119dzynarodowego Konkursu Pianistycznego im. Fryderyka Chopina \u2013 dotar\u0142 do III etapu i otrzyma\u0142 nagrod\u0119 specjaln\u0105 za najlepsze wykonanie mazurk\u00f3w.<\/p><p>Wyst\u0119powa\u0142 m.in. w Teatrze Wielkim \u2013 Operze Narodowej, Filharmonii Krakowskiej, Filharmonii Pomorskiej oraz na Festiwalu im. Artura Rubinsteina w \u0141odzi. Laureat stypendium M\u0142oda Polska oraz zdobywca Paszportu \u201ePolityki\u201d 2026.<\/p><p><strong>Mateusz Dubiel<\/strong><\/p><p>Pianista pochodz\u0105cy z Bielska-Bia\u0142ej, absolwent tamtejszej szko\u0142y muzycznej, obecnie student Akademii Muzycznej im. Krzysztofa Pendereckiego w Krakowie w klasie prof. Miros\u0142awa Herbowskiego.<\/p><p>Zwyci\u0119zca 51. i 53. Og\u00f3lnopolskiego Konkursu im. Fryderyka Chopina w Warszawie oraz uczestnik XIX Mi\u0119dzynarodowego Konkursu Chopinowskiego. Laureat licznych mi\u0119dzynarodowych konkurs\u00f3w pianistycznych, wyst\u0119powa\u0142 na najwa\u017cniejszych estradach w Polsce i za granic\u0105 \u2013 m.in. w Filharmonii Narodowej, \u017belazowej Woli, Japonii, USA, Francji i Niemczech.<\/p><p>Laureat statuetki <strong>Koryfeusz Muzyki Polskiej \u2013 Odkrycie Roku 2025<\/strong>, stypendysta program\u00f3w M\u0142oda Polska oraz beneficjent Funduszu Stypendialnego im. Henryka Sztompki.<\/p><p><strong>\u00a0<\/strong><\/p><p><strong>Szczeg\u00f3\u0142owe informacje:<\/strong><\/p><p>\ud83d\udccd\u00a0<strong>Audytorium<\/strong>\u00a0<strong>Muzeum \u201ePami\u0119\u0107 i To\u017csamo\u015b\u0107\u201d im. \u015bw. Jana Paw\u0142a II<\/strong><\/p><p>\ud83d\udcc5\u00a0<strong>14 marca 2026 (sobota)<\/strong><br \/>\ud83d\udd53\u00a0<strong>godz. 16:00<\/strong><\/p><p>\ud83d\udcb0\u00a0<strong>Koszt biletu<\/strong>: normalny 25 z\u0142 | ulgowy 15 z\u0142\u00a0<br \/><strong>Bilety dost\u0119pne w muzealnych kasach oraz online:\u00a0<\/strong><a href=\"https:\/\/bilety.muzeumpamiecitozsamosc.pl\/rezerwacja\/numerowane.html?id=2040&amp;idt=0f8147d821ecf1662fe2bc64cf073044&amp;d=3&amp;idw=92\"><strong>Wyb\u00f3r miejsc<\/strong><\/a><\/p><p>\ud83d\udcde\u00a0<strong>Wi\u0119cej informacji:<\/strong><br \/>Tel.\u00a0<strong>56 642 38 01<\/strong><br \/>(wtorek-sobota: 12:00-19:00, niedziela: 9:00-19:00)<\/p><p>Zapraszamy!<\/p>\t\t\t\t\t\t\t\t<\/div>\n\t\t\t\t<\/div>\n\t\t\t\t<div class=\"elementor-element elementor-element-7c68432 elementor-widget elementor-widget-image\" data-id=\"7c68432\" data-element_type=\"widget\" data-widget_type=\"image.default\">\n\t\t\t\t<div class=\"elementor-widget-container\">\n\t\t\t\t\t\t\t\t\t\t\t\t\t\t\t<img fetchpriority=\"high\" decoding=\"async\" width=\"717\" height=\"1024\" src=\"https:\/\/muzeumpamiecitozsamosc.pl\/wp-content\/uploads\/2026\/01\/2026_MPiT_WMP_Koncert01-1-717x1024.png\" class=\"attachment-large size-large wp-image-7964\" alt=\"\" srcset=\"https:\/\/muzeumpamiecitozsamosc.pl\/wp-content\/uploads\/2026\/01\/2026_MPiT_WMP_Koncert01-1-717x1024.png 717w, https:\/\/muzeumpamiecitozsamosc.pl\/wp-content\/uploads\/2026\/01\/2026_MPiT_WMP_Koncert01-1-210x300.png 210w, https:\/\/muzeumpamiecitozsamosc.pl\/wp-content\/uploads\/2026\/01\/2026_MPiT_WMP_Koncert01-1-768x1097.png 768w, https:\/\/muzeumpamiecitozsamosc.pl\/wp-content\/uploads\/2026\/01\/2026_MPiT_WMP_Koncert01-1-1075x1536.png 1075w, https:\/\/muzeumpamiecitozsamosc.pl\/wp-content\/uploads\/2026\/01\/2026_MPiT_WMP_Koncert01-1-1434x2048.png 1434w, https:\/\/muzeumpamiecitozsamosc.pl\/wp-content\/uploads\/2026\/01\/2026_MPiT_WMP_Koncert01-1-scaled.png 1792w\" sizes=\"(max-width: 717px) 100vw, 717px\" \/>\t\t\t\t\t\t\t\t\t\t\t\t\t\t\t<\/div>\n\t\t\t\t<\/div>\n\t\t\t\t<div class=\"elementor-element elementor-element-f2a1265 elementor-widget elementor-widget-video\" data-id=\"f2a1265\" data-element_type=\"widget\" data-settings=\"{&quot;video_type&quot;:&quot;hosted&quot;,&quot;controls&quot;:&quot;yes&quot;}\" data-widget_type=\"video.default\">\n\t\t\t\t<div class=\"elementor-widget-container\">\n\t\t\t\t\t\t\t<div class=\"e-hosted-video elementor-wrapper elementor-open-inline\">\n\t\t\t\t\t<video class=\"elementor-video\" src=\"https:\/\/muzeumpamiecitozsamosc.pl\/wp-content\/uploads\/2026\/01\/Mlodzi-Pianisci-2.0-Napisy-1.mp4\" controls=\"\" preload=\"metadata\" controlsList=\"nodownload\"><\/video>\n\t\t\t\t<\/div>\n\t\t\t\t\t\t<\/div>\n\t\t\t\t<\/div>\n\t\t\t\t<div class=\"elementor-element elementor-element-875d01c elementor-widget elementor-widget-text-editor\" data-id=\"875d01c\" data-element_type=\"widget\" data-widget_type=\"text-editor.default\">\n\t\t\t\t<div class=\"elementor-widget-container\">\n\t\t\t\t\t\t\t\t\t<p>\ud83c\udfb9 <strong>Kolejny koncert z cyklu \u201eWiecz\u00f3r m\u0142odych pianist\u00f3w\u201d<\/strong> odb\u0119dzie si\u0119<br \/><strong>25 kwietnia 2026 r. o godz. 16.00<\/strong>, z udzia\u0142em <strong>Julii \u0141ozowskiej i Krzysztofa Wieci\u0144skiego<\/strong>.<\/p><p>*Komu przys\u0142uguje bilet ulgowy:\u00a0<\/p><ol><li>uczniom szk\u00f3\u0142 systemu o\u015bwiaty, s\u0142uchaczom kolegi\u00f3w pracownik\u00f3w s\u0142u\u017cb spo\u0142ecznych, studentom oraz doktorantom;<\/li><li>uczniom szk\u00f3\u0142, studentom oraz doktorantom b\u0119d\u0105cym obywatelami pa\u0144stw cz\u0142onkowskich Unii Europejskiej, Konfederacji Szwajcarskiej oraz pa\u0144stw cz\u0142onkowskich Europejskiego Porozumienia o Wolnym Handlu (EFTA) \u2013 stron umowy o Europejskim Obszarze Gospodarczym;<\/li><li>uczniom szk\u00f3\u0142 prowadzonych przez organizacje spo\u0142eczne za granic\u0105, zarejestrowanych w bazie prowadzonej przez upowa\u017cnion\u0105 jednostk\u0119 podleg\u0142\u0105 ministrowi w\u0142a\u015bciwemu do spraw o\u015bwiaty i wychowania, w okresie pobierania nauki j\u0119zyka polskiego, historii, geografii, kultury polskiej lub innych przedmiot\u00f3w nauczanych w j\u0119zyku polskim, nie d\u0142u\u017cej ni\u017c do uko\u0144czenia 18. roku \u017cycia;<\/li><li>uczniom szk\u00f3\u0142 funkcjonuj\u0105cych w systemach o\u015bwiaty innych pa\u0144stw w okresie pobierania nauki j\u0119zyka polskiego, historii, geografii, kultury polskiej lub innych przedmiot\u00f3w nauczanych w j\u0119zyku polskim, nie d\u0142u\u017cej ni\u017c do uko\u0144czenia 18 roku \u017cycia;<\/li><li>uczniom sekcji polskich funkcjonuj\u0105cych w szko\u0142ach dzia\u0142aj\u0105cych w systemach o\u015bwiaty innych pa\u0144stw, nie d\u0142u\u017cej ni\u017c do uko\u0144czenia 18 roku \u017cycia;<\/li><li>uczniom szk\u00f3\u0142 europejskich dzia\u0142aj\u0105cych na podstawie Konwencji o Statucie Szk\u00f3\u0142 Europejskich, sporz\u0105dzonej w Luksemburgu dnia 21 czerwca 1994 r. (Dz. U. z 2005 r. poz. 10) pobieraj\u0105cym nauk\u0119 j\u0119zyka polskiego, historii, geografii, kultury polskiej lub innych przedmiot\u00f3w nauczanych w j\u0119zyku polskim, nie d\u0142u\u017cej ni\u017c do uko\u0144czenia 18. roku \u017cycia;<\/li><li>emerytom, rencistom, rencistom socjalnym;<\/li><li>osobom posiadaj\u0105cym Kart\u0119 Du\u017cej Rodziny.<\/li><\/ol><ul><li>Osoby uprawnione do nabycia biletu ulgowego s\u0105 zobowi\u0105zane do okazania obs\u0142udze Muzeum dokument\u00f3w uprawniaj\u0105cych do ulgi w op\u0142acie.<\/li><li>Bilety ulgowe okazane bez dokumentu potwierdzaj\u0105cego uprawnienia do ich posiadania, nie b\u0119d\u0105 honorowane.<\/li><\/ul>\t\t\t\t\t\t\t\t<\/div>\n\t\t\t\t<\/div>\n\t\t\t\t\t<\/div>\n\t\t\t\t<\/div>\n\t\t\t\t<\/div>\n\t\t","protected":false},"excerpt":{"rendered":"<p>Wiecz\u00f3r m\u0142odych pianist\u00f3w, inauguruj\u0105cy now\u0105 seri\u0119 wydarze\u0144 muzycznych po\u015bwi\u0119conych tw\u00f3rczo\u015bci Fryderyka Chopina i promocji m\u0142odych, wybitnie utalentowanych pianist\u00f3w. Wyst\u0105pi\u0105 uczestnicy XIX Mi\u0119dzynarodowego Konkursu Pianistycznego im. Fryderyka Chopina, Yehuda Prokopowicz oraz Mateusz Dubiel.<\/p>\n","protected":false},"author":7,"featured_media":7963,"comment_status":"closed","ping_status":"closed","sticky":false,"template":"","format":"standard","meta":{"_acf_changed":false,"footnotes":""},"categories":[7],"tags":[],"class_list":["post-7961","post","type-post","status-publish","format-standard","has-post-thumbnail","hentry","category-wydarzenia"],"acf":[],"_links":{"self":[{"href":"https:\/\/muzeumpamiecitozsamosc.pl\/index.php\/wp-json\/wp\/v2\/posts\/7961","targetHints":{"allow":["GET"]}}],"collection":[{"href":"https:\/\/muzeumpamiecitozsamosc.pl\/index.php\/wp-json\/wp\/v2\/posts"}],"about":[{"href":"https:\/\/muzeumpamiecitozsamosc.pl\/index.php\/wp-json\/wp\/v2\/types\/post"}],"author":[{"embeddable":true,"href":"https:\/\/muzeumpamiecitozsamosc.pl\/index.php\/wp-json\/wp\/v2\/users\/7"}],"replies":[{"embeddable":true,"href":"https:\/\/muzeumpamiecitozsamosc.pl\/index.php\/wp-json\/wp\/v2\/comments?post=7961"}],"version-history":[{"count":7,"href":"https:\/\/muzeumpamiecitozsamosc.pl\/index.php\/wp-json\/wp\/v2\/posts\/7961\/revisions"}],"predecessor-version":[{"id":8005,"href":"https:\/\/muzeumpamiecitozsamosc.pl\/index.php\/wp-json\/wp\/v2\/posts\/7961\/revisions\/8005"}],"wp:featuredmedia":[{"embeddable":true,"href":"https:\/\/muzeumpamiecitozsamosc.pl\/index.php\/wp-json\/wp\/v2\/media\/7963"}],"wp:attachment":[{"href":"https:\/\/muzeumpamiecitozsamosc.pl\/index.php\/wp-json\/wp\/v2\/media?parent=7961"}],"wp:term":[{"taxonomy":"category","embeddable":true,"href":"https:\/\/muzeumpamiecitozsamosc.pl\/index.php\/wp-json\/wp\/v2\/categories?post=7961"},{"taxonomy":"post_tag","embeddable":true,"href":"https:\/\/muzeumpamiecitozsamosc.pl\/index.php\/wp-json\/wp\/v2\/tags?post=7961"}],"curies":[{"name":"wp","href":"https:\/\/api.w.org\/{rel}","templated":true}]}}